{"id":33990,"date":"2022-12-16T12:55:33","date_gmt":"2022-12-16T15:55:33","guid":{"rendered":"https:\/\/actualizateiguazu.com\/v3\/?p=33990"},"modified":"2022-12-16T12:55:35","modified_gmt":"2022-12-16T15:55:35","slug":"con-el-dinero-del-inclusivo-comprara-chapas-para-su-nueva-casa","status":"publish","type":"post","link":"https:\/\/actualizateiguazu.com\/v3\/2022\/12\/16\/con-el-dinero-del-inclusivo-comprara-chapas-para-su-nueva-casa\/","title":{"rendered":"Con el dinero del Inclusivo comprar\u00e1 chapas para su nueva casa"},"content":{"rendered":"\n<p>Sa\u00fal Adri\u00e1n Pedrozo (28), de Santa Ana, ganador n\u00famero 80 del Programa IPLyC Social Inclusivo, dijo que con el cheque recibido comprar\u00e1 chapas de zinc para una casa \u201cque pienso levantar\u201d. El joven, que padece esquizofrenia, coment\u00f3 que se sinti\u00f3 \u201cmuy contento cuando mi hermana me cont\u00f3 que saqu\u00e9 el premio\u201d.<\/p>\n\n\n\n<p>Su familiar, Rosa Garc\u00eda, manifest\u00f3 que \u201cestamos contentos por el premio que le trajeron desde el IPLyC SE. Es una ayuda interesante. \u00c9l quiere construir una casa porque necesita su independencia\u201d.<br>A\u00f1adi\u00f3 que \u201cnos dimos cuenta de su problema cuando ya era adulto. Tuvimos que buscar ayuda profesional y cuando lo diagnosticaron nos cost\u00f3 asumir, pero ahora lo estamos cuidando entre toda la familia, que es numerosa \u2013son 14 hermanos-. De chico parec\u00eda un juego. Despu\u00e9s curs\u00f3 el secundario hasta segundo a\u00f1o y ah\u00ed se desat\u00f3 todo\u201d.<\/p>\n\n\n\n<figure class=\"wp-block-image size-large\"><img loading=\"lazy\" decoding=\"async\" width=\"1024\" height=\"768\" src=\"https:\/\/actualizateiguazu.com\/v3\/wp-content\/uploads\/2022\/12\/inclusivo-saul-santa-ana-1024x768.jpeg\" alt=\"\" class=\"wp-image-33991\" srcset=\"https:\/\/actualizateiguazu.com\/v3\/wp-content\/uploads\/2022\/12\/inclusivo-saul-santa-ana-1024x768.jpeg 1024w, https:\/\/actualizateiguazu.com\/v3\/wp-content\/uploads\/2022\/12\/inclusivo-saul-santa-ana-300x225.jpeg 300w, https:\/\/actualizateiguazu.com\/v3\/wp-content\/uploads\/2022\/12\/inclusivo-saul-santa-ana-768x576.jpeg 768w, https:\/\/actualizateiguazu.com\/v3\/wp-content\/uploads\/2022\/12\/inclusivo-saul-santa-ana-1536x1152.jpeg 1536w, https:\/\/actualizateiguazu.com\/v3\/wp-content\/uploads\/2022\/12\/inclusivo-saul-santa-ana-720x540.jpeg 720w, https:\/\/actualizateiguazu.com\/v3\/wp-content\/uploads\/2022\/12\/inclusivo-saul-santa-ana.jpeg 1600w\" sizes=\"auto, (max-width: 1024px) 100vw, 1024px\" \/><\/figure>\n\n\n\n<p>Agreg\u00f3 que el joven \u201chablaba cosas sin sentido, empez\u00f3 a viajar a dedo. Fue a Buenos Aires en una traves\u00eda que parec\u00eda normal pero cuando volvi\u00f3, empez\u00f3 a ponerse nervioso y no pod\u00eda conciliar el sue\u00f1o. Pon\u00eda en peligro la vida de quienes lo rodeaban. Ahora lo vemos bien. Disfrutamos de los d\u00edas buenos, y no pedimos nada m\u00e1s\u201d.<\/p>\n\n\n\n<p>Asegur\u00f3 que su familia est\u00e1 agradecida al IPLyC SE y contenta por este premio. \u201cCuando nos llamaron, pens\u00e9 que estaba por vencer el CUD. No pod\u00edamos creer. El tampoco. Ahora ya hizo planes con su dinero\u201d.<\/p>\n","protected":false},"excerpt":{"rendered":"<p>Sa\u00fal Adri\u00e1n Pedrozo (28), de Santa Ana, ganador n\u00famero 80 del Programa IPLyC Social Inclusivo,<\/p>\n","protected":false},"author":1,"featured_media":33992,"comment_status":"open","ping_status":"open","sticky":false,"template":"","format":"standard","meta":{"footnotes":""},"categories":[1,229],"tags":[],"class_list":["post-33990","post","type-post","status-publish","format-standard","has-post-thumbnail","hentry","category-actualidad","category-provinciales"],"_links":{"self":[{"href":"https:\/\/actualizateiguazu.com\/v3\/wp-json\/wp\/v2\/posts\/33990","targetHints":{"allow":["GET"]}}],"collection":[{"href":"https:\/\/actualizateiguazu.com\/v3\/wp-json\/wp\/v2\/posts"}],"about":[{"href":"https:\/\/actualizateiguazu.com\/v3\/wp-json\/wp\/v2\/types\/post"}],"author":[{"embeddable":true,"href":"https:\/\/actualizateiguazu.com\/v3\/wp-json\/wp\/v2\/users\/1"}],"replies":[{"embeddable":true,"href":"https:\/\/actualizateiguazu.com\/v3\/wp-json\/wp\/v2\/comments?post=33990"}],"version-history":[{"count":1,"href":"https:\/\/actualizateiguazu.com\/v3\/wp-json\/wp\/v2\/posts\/33990\/revisions"}],"predecessor-version":[{"id":33996,"href":"https:\/\/actualizateiguazu.com\/v3\/wp-json\/wp\/v2\/posts\/33990\/revisions\/33996"}],"wp:featuredmedia":[{"embeddable":true,"href":"https:\/\/actualizateiguazu.com\/v3\/wp-json\/wp\/v2\/media\/33992"}],"wp:attachment":[{"href":"https:\/\/actualizateiguazu.com\/v3\/wp-json\/wp\/v2\/media?parent=33990"}],"wp:term":[{"taxonomy":"category","embeddable":true,"href":"https:\/\/actualizateiguazu.com\/v3\/wp-json\/wp\/v2\/categories?post=33990"},{"taxonomy":"post_tag","embeddable":true,"href":"https:\/\/actualizateiguazu.com\/v3\/wp-json\/wp\/v2\/tags?post=33990"}],"curies":[{"name":"wp","href":"https:\/\/api.w.org\/{rel}","templated":true}]}}