{"id":34348,"date":"2022-12-31T16:27:05","date_gmt":"2022-12-31T19:27:05","guid":{"rendered":"https:\/\/actualizateiguazu.com\/v3\/?p=34348"},"modified":"2022-12-31T16:27:08","modified_gmt":"2022-12-31T19:27:08","slug":"murio-el-papa-emerito-benedicto-xvi-a-los-95-anos","status":"publish","type":"post","link":"https:\/\/actualizateiguazu.com\/v3\/2022\/12\/31\/murio-el-papa-emerito-benedicto-xvi-a-los-95-anos\/","title":{"rendered":"Muri\u00f3 el Papa em\u00e9rito Benedicto XVI a los 95 a\u00f1os"},"content":{"rendered":"\n<p>El papa em\u00e9rito Benedicto XVI muri\u00f3 hoy a los 95 a\u00f1os de edad en el monasterio Mater Ecclesiae del Vaticano, donde resid\u00eda desde su hist\u00f3rica renuncia al pontificado en 2013, confirm\u00f3 hoy la Santa Sede en un comunicado.<\/p>\n\n\n\n<p>\u00abCon pesar doy a conocer que el Papa em\u00e9rito Benedicto XVI ha fallecido a las 9:34 horas en el Monasterio Mater Ecclesiae del Vaticano\u00bb, reza la nota oficial del Vaticano, en seis idiomas.<\/p>\n\n\n\n<p>La preocupaci\u00f3n por el estado de salud del papa y te\u00f3logo alem\u00e1n surgi\u00f3 el mi\u00e9rcoles 28 de diciembre, cuando su sucesor, Francisco, reconoci\u00f3 que estaba \u00abmuy enfermo\u00bb y pidi\u00f3 \u00abuna oraci\u00f3n especial\u00bb a los fieles que asist\u00edan a su audiencia general.<\/p>\n\n\n\n<p>Poco despu\u00e9s, el portavoz de la Santa Sede, Matteo Bruni, confirm\u00f3 que la situaci\u00f3n de Benedicto XVI se hab\u00edan \u00abagravado a causa de su avanzada edad\u00bb.<\/p>\n\n\n\n<p>El secretario personal del pont\u00edfice em\u00e9rito, monse\u00f1or Georg Ganswein, hab\u00eda afirmado en repetidas ocasiones en los \u00faltimos a\u00f1os que este era como \u00abuna vela que se apaga lenta y serenamente\u00bb.<\/p>\n\n\n\n<p>Un d\u00eda despu\u00e9s, la Santa Sede aseguraba que Benedicto XVI hab\u00eda \u00ablogrado reposar bien en la noche, estaba absolutamente l\u00facido y atento\u00bb y permanec\u00eda \u00abestable\u00bb pese a la gravedad.<\/p>\n\n\n\n<p>Una situaci\u00f3n que prosigui\u00f3 el 30 de diciembre, cuando present\u00f3 unas condiciones \u00abestable\u00bb, aunque pudo asistir a una misa celebrada en su habitaci\u00f3n.<\/p>\n\n\n\n<p>Benedicto XVI hab\u00eda decidido pasar estos momentos en su estancia del monasterio en el que reside desde su hist\u00f3rica renuncia al papado, anunciada el 11 de febrero de 2013 y consumada el 28 de aquel mismo mes, la primera vez en seis siglos, desde tiempos de Gregorio XII.<\/p>\n\n\n\n<p>Tras conocerse su situaci\u00f3n, numerosos fieles se hab\u00edan congregado en distintas di\u00f3cesis y templos de todo el mundo para rezar por \u00e9l, siguiendo las indicaciones de Francisco.<\/p>\n\n\n\n<p>Desde el 2 de abril de 2013, Ratzinger viv\u00eda rodeado de su \u00abfamilia\u00bb vaticana, formada por su secretario, un m\u00e9dico, un enfermero y cuatro mujeres laicas consagradas del instituto \u00abMemores Domini\u00bb, que pertenece al movimiento Comuni\u00f3n y Liberaci\u00f3n, que se reparten las tareas de la casa y se ocupan de las necesidades del papa em\u00e9rito.<\/p>\n\n\n\n<p>Benedicto XVI prometi\u00f3 mantenerse en silencio tras su renuncia en se\u00f1al de respeto por su sucesor, aunque en algunas ocasions ha reaccionado a algunas cuestiones de actualidad que le afectaban de alg\u00fan modo.<\/p>\n\n\n\n<p>Por ejemplo, en febrero de 2022 pidi\u00f3 perd\u00f3n por los abusos y errores ocurridos durante sus mandatos en los distintos cargos que ha ostentado, tras la divulgaci\u00f3n de un informe sobre abusos sexuales a menores en Alemania en el que se le acusaba de estar al corriente en su \u00e9poca como arzobispo de M\u00fanich (1977-1982).<\/p>\n\n\n\n<p>\u00abUna vez m\u00e1s s\u00f3lo puedo expresar a todas las v\u00edctimas de abusos sexuales mi profunda verg\u00fcenza, mi gran dolor y mi sincera petici\u00f3n de perd\u00f3n. He tenido una gran responsabilidad en la Iglesia Cat\u00f3lica\u00bb, subray\u00f3 en un comunicado.<\/p>\n","protected":false},"excerpt":{"rendered":"<p>El papa em\u00e9rito Benedicto XVI muri\u00f3 hoy a los 95 a\u00f1os de edad en el<\/p>\n","protected":false},"author":1,"featured_media":34349,"comment_status":"open","ping_status":"open","sticky":false,"template":"","format":"standard","meta":{"footnotes":""},"categories":[1,224],"tags":[],"class_list":["post-34348","post","type-post","status-publish","format-standard","has-post-thumbnail","hentry","category-actualidad","category-el-mundo"],"_links":{"self":[{"href":"https:\/\/actualizateiguazu.com\/v3\/wp-json\/wp\/v2\/posts\/34348","targetHints":{"allow":["GET"]}}],"collection":[{"href":"https:\/\/actualizateiguazu.com\/v3\/wp-json\/wp\/v2\/posts"}],"about":[{"href":"https:\/\/actualizateiguazu.com\/v3\/wp-json\/wp\/v2\/types\/post"}],"author":[{"embeddable":true,"href":"https:\/\/actualizateiguazu.com\/v3\/wp-json\/wp\/v2\/users\/1"}],"replies":[{"embeddable":true,"href":"https:\/\/actualizateiguazu.com\/v3\/wp-json\/wp\/v2\/comments?post=34348"}],"version-history":[{"count":1,"href":"https:\/\/actualizateiguazu.com\/v3\/wp-json\/wp\/v2\/posts\/34348\/revisions"}],"predecessor-version":[{"id":34350,"href":"https:\/\/actualizateiguazu.com\/v3\/wp-json\/wp\/v2\/posts\/34348\/revisions\/34350"}],"wp:featuredmedia":[{"embeddable":true,"href":"https:\/\/actualizateiguazu.com\/v3\/wp-json\/wp\/v2\/media\/34349"}],"wp:attachment":[{"href":"https:\/\/actualizateiguazu.com\/v3\/wp-json\/wp\/v2\/media?parent=34348"}],"wp:term":[{"taxonomy":"category","embeddable":true,"href":"https:\/\/actualizateiguazu.com\/v3\/wp-json\/wp\/v2\/categories?post=34348"},{"taxonomy":"post_tag","embeddable":true,"href":"https:\/\/actualizateiguazu.com\/v3\/wp-json\/wp\/v2\/tags?post=34348"}],"curies":[{"name":"wp","href":"https:\/\/api.w.org\/{rel}","templated":true}]}}