{"id":34638,"date":"2023-01-12T10:41:50","date_gmt":"2023-01-12T13:41:50","guid":{"rendered":"https:\/\/actualizateiguazu.com\/v3\/?p=34638"},"modified":"2023-01-12T10:41:52","modified_gmt":"2023-01-12T13:41:52","slug":"solicitaron-mayor-seguridad-antes-de-continuar-con-el-monitoreo-de-yaguaretes-en-el-parque-nacional-iguazu","status":"publish","type":"post","link":"https:\/\/actualizateiguazu.com\/v3\/2023\/01\/12\/solicitaron-mayor-seguridad-antes-de-continuar-con-el-monitoreo-de-yaguaretes-en-el-parque-nacional-iguazu\/","title":{"rendered":"Solicitaron mayor seguridad antes de continuar con el monitoreo de Yaguaret\u00e9s en el Parque Nacional Iguaz\u00fa"},"content":{"rendered":"\n<p>La Red Yaguaret\u00e9, proyecta en el mes de febrero volver a presentar a Parques Nacionales un nuevo plan de monitoreo de yaguaret\u00e9s dentro del Parque Nacional Iguaz\u00fa, es por ello que mediante una nota presentada el 15 de diciembre solicitan m\u00e1s seguridad teniendo en cuenta que ya sufrieron la vandalizaci\u00f3n y robos de equipos a principios de 2022. Reclaman la instalaci\u00f3n de un port\u00f3n y alambrado en el sector del ingreso al campamento Apepu.<\/p>\n\n\n\n<p>La Red Yaguaret\u00e9 solicit\u00f3 al Intendente del PN Iguaz\u00fa, Atilio Guzm\u00e1n mediante una nota que se apliquen mayores medidas de seguridad, luego de que a principios de 2022, la red Yaguarete sufriera la vandalizaci\u00f3n y robo de equipos de investigaci\u00f3n conocidos como c\u00e1maras trampa. Desde la ONG denuncian que \u201cA pesar de haber presentado notas y haber mantenido comunicaciones, llamativamente nunca tuvieron respuesta de parte de las autoridades del \u00e1rea protegida\u201d<\/p>\n\n\n\n<p>A trav\u00e9s de un comunicado la ONG Red Yaguaret\u00e9 visibilizo que hace unas semanas, mediante una nota formal presentada en la Delegaci\u00f3n Regional Noreste de Parques Nacionales, solicitaron a la m\u00e1xima autoridad la instalaci\u00f3n de un port\u00f3n en el camino que va desde la ruta nacional 101 hasta el r\u00edo Iguaz\u00fa, que se encuentra en situaci\u00f3n de gran vulnerabilidad ya que puede ser f\u00e1cilmente traspasado.<\/p>\n\n\n\n<figure class=\"wp-block-image size-full\"><img loading=\"lazy\" decoding=\"async\" width=\"711\" height=\"801\" src=\"https:\/\/actualizateiguazu.com\/v3\/wp-content\/uploads\/2023\/01\/WhatsApp-Image-2023-01-11-at-5.36.30-PM.jpeg\" alt=\"\" class=\"wp-image-34639\" srcset=\"https:\/\/actualizateiguazu.com\/v3\/wp-content\/uploads\/2023\/01\/WhatsApp-Image-2023-01-11-at-5.36.30-PM.jpeg 711w, https:\/\/actualizateiguazu.com\/v3\/wp-content\/uploads\/2023\/01\/WhatsApp-Image-2023-01-11-at-5.36.30-PM-266x300.jpeg 266w\" sizes=\"auto, (max-width: 711px) 100vw, 711px\" \/><\/figure>\n\n\n\n<p>\u201ces una zona donde cualquier persona puede ingresar, caminando, en bicicleta y dem\u00e1s, nosotros pedimos mayor seguridad para la instalaci\u00f3n de nuestros equipos pero tambi\u00e9n creemos que es una zona muy vulnerable para incendiarios adem\u00e1s del hecho de que en esa zona hemos registrado 10 ejemplares de yaguaret\u00e9 con las c\u00e1maras trampas antes de los actos de vandalismo\u201d explic\u00f3 Nicolas Lodeiro director ejecutivo de Red Yaguarete.<\/p>\n\n\n\n<p>Los ambientalistas exigen la instalaci\u00f3n de un port\u00f3n de al menos dos metros de altura de hierro reforzado, con candados y alambre tejido con alambre de p\u00faas resguardando 50 metros a cada lado, para impedir o dificultar seriamente el ingreso de cualquier visitante no deseado.<\/p>\n\n\n\n<p>Tambi\u00e9n solicitaron la instalaci\u00f3n de c\u00e1maras de seguridad en ese mismo sitio y en la zona de Garganta del Diablo y el camino que lleva hacia el destacamento Apep\u00fa. \u00abEs muy preocupante y llamativo que se produzca un hecho vand\u00e1lico de semejante naturaleza y no haya una c\u00e1mara para ver qui\u00e9n fue, con un mill\u00f3n y medio de turistas pagando la entrada al a\u00f1o, esto es un vuelto. No hay excusas para no reforzar la seguridad con tecnolog\u00eda de vanguardia, no puede quedar todo en manos del cuerpo de guardaparques, no dan abasto, urge modernizar y garantizar la seguridad para la investigaci\u00f3n y para la conservaci\u00f3n\u00bb. insisten desde la ONG.<\/p>\n\n\n\n<p>Atraparon a un joven involucrado en un robo modalidad \u00abmotochorro\u00bb<\/p>\n\n\n\n<p>Ocurri\u00f3 ayer a las 22.45 horas personal de la comisar\u00eda seccional segunda URV coloc\u00f3 bajo arrest\u00f3 a Fernando V. de 24 a\u00f1os sindicado como autor en la comisi\u00f3n de un hecho de robo ocurrido en inmediaciones a la Plaza del Barrio Bel\u00e9n de esta ciudad.<\/p>\n\n\n\n<p>Los efectivos de la Comisar\u00eda seccional segunda URV fueron requeridos por un hombre de 45 a\u00f1os relatando que minutos antes su hija de 16 a\u00f1os, fue abordada por dos masculinos a bordo de una motocicleta de alta cilindrada con determinadas caracter\u00edsticas quien tras forcejear le sustrajeron su tel\u00e9fono celular.<\/p>\n\n\n\n<p>Ante lo sucedido, el padre de la menor quien observo lo sucedido logr\u00f3 perseguir a los sospechosos, logrando uno darse a la fuga de a pi\u00e9 con el aparato de telefon\u00eda sustra\u00eddo en tanto tras la persecuci\u00f3n y la dificultad del terreno continu\u00f3 la persecuci\u00f3n del otro quien en la intersecci\u00f3n de Avenida Los Trabajadores y Calle Jujuy con ayuda de otras personas lograron demorar al sospechoso a bordo de su motocicleta, por lo que inmediatamente la polic\u00eda arrest\u00f3 al joven y procedi\u00f3 al secuestro del motovehiculo.<\/p>\n\n\n\n<p>La menor fue asistida y tras el examen m\u00e9dico policial la jovencita result\u00f3 con lesiones de car\u00e1cter leves.<\/p>\n\n\n\n<p>Por estas horas persiste la b\u00fasqueda y detenci\u00f3n del otro sospechoso qui\u00e9n ya fue individualizado por la polic\u00eda. En tanto el detenido junto a lo secuestrado fue puesto a disposici\u00f3n de la justicia.<\/p>\n","protected":false},"excerpt":{"rendered":"<p>La Red Yaguaret\u00e9, proyecta en el mes de febrero volver a presentar a Parques Nacionales<\/p>\n","protected":false},"author":1,"featured_media":34640,"comment_status":"open","ping_status":"open","sticky":false,"template":"","format":"standard","meta":{"footnotes":""},"categories":[1,226],"tags":[],"class_list":["post-34638","post","type-post","status-publish","format-standard","has-post-thumbnail","hentry","category-actualidad","category-locales"],"_links":{"self":[{"href":"https:\/\/actualizateiguazu.com\/v3\/wp-json\/wp\/v2\/posts\/34638","targetHints":{"allow":["GET"]}}],"collection":[{"href":"https:\/\/actualizateiguazu.com\/v3\/wp-json\/wp\/v2\/posts"}],"about":[{"href":"https:\/\/actualizateiguazu.com\/v3\/wp-json\/wp\/v2\/types\/post"}],"author":[{"embeddable":true,"href":"https:\/\/actualizateiguazu.com\/v3\/wp-json\/wp\/v2\/users\/1"}],"replies":[{"embeddable":true,"href":"https:\/\/actualizateiguazu.com\/v3\/wp-json\/wp\/v2\/comments?post=34638"}],"version-history":[{"count":1,"href":"https:\/\/actualizateiguazu.com\/v3\/wp-json\/wp\/v2\/posts\/34638\/revisions"}],"predecessor-version":[{"id":34641,"href":"https:\/\/actualizateiguazu.com\/v3\/wp-json\/wp\/v2\/posts\/34638\/revisions\/34641"}],"wp:featuredmedia":[{"embeddable":true,"href":"https:\/\/actualizateiguazu.com\/v3\/wp-json\/wp\/v2\/media\/34640"}],"wp:attachment":[{"href":"https:\/\/actualizateiguazu.com\/v3\/wp-json\/wp\/v2\/media?parent=34638"}],"wp:term":[{"taxonomy":"category","embeddable":true,"href":"https:\/\/actualizateiguazu.com\/v3\/wp-json\/wp\/v2\/categories?post=34638"},{"taxonomy":"post_tag","embeddable":true,"href":"https:\/\/actualizateiguazu.com\/v3\/wp-json\/wp\/v2\/tags?post=34638"}],"curies":[{"name":"wp","href":"https:\/\/api.w.org\/{rel}","templated":true}]}}