{"id":34645,"date":"2023-01-13T06:27:31","date_gmt":"2023-01-13T09:27:31","guid":{"rendered":"https:\/\/actualizateiguazu.com\/v3\/?p=34645"},"modified":"2023-01-13T06:27:34","modified_gmt":"2023-01-13T09:27:34","slug":"barrio-bicentenario-mataron-a-mi-hijo-por-error-lo-confundieron","status":"publish","type":"post","link":"https:\/\/actualizateiguazu.com\/v3\/2023\/01\/13\/barrio-bicentenario-mataron-a-mi-hijo-por-error-lo-confundieron\/","title":{"rendered":"Barrio Bicentenario: \u201cMataron a mi hijo por error, lo confundieron\u201d"},"content":{"rendered":"\n<p>La madre de Yoni Fern\u00e1ndez (30), asesinado el domingo pasado de una pu\u00f1alada, cree que los homicidas se equivocaron de persona y que no conoce a los supuestos atacantes<\/p>\n\n\n\n<p>Mientras efectivos de la Unidad Regional V de la Polic\u00eda de Misiones contin\u00faan con la b\u00fasqueda de dos hermanos paraguayos que por estas horas est\u00e1n sospechados del ataque a pu\u00f1aladas que le cost\u00f3 la vida el pasado domingo 8 de enero a Yonathan Fern\u00e1ndez (30), en el barrio Bicentenario de Puerto Iguaz\u00fa, la familia de la v\u00edctima sigue sin encontrarle explicaci\u00f3n al tr\u00e1gico desenlace.<\/p>\n\n\n\n<p>Ana Fern\u00e1ndez, madre de Yoni, dialog\u00f3 ayer con el programa Ac\u00e1 te lo Contamos por Radioactiva y cont\u00f3 c\u00f3mo la familia cree que sucedi\u00f3 el fat\u00eddico hecho.<\/p>\n\n\n\n<p>\u201cSeg\u00fan testigos, a mi hijo lo mataron dos paraguayos que iban en una moto, aparecieron porque mi hijo estaba con una chica en el cord\u00f3n sentado y hablando con el otro muchacho que yo desconozco qui\u00e9n es sinceramente\u201d, coment\u00f3 la entrevistada.<\/p>\n\n\n\n<p>Acto seguido, ampliando detalles sobre los instantes previos al ataque, precis\u00f3: \u201cEse muchacho, unos minutos antes, vino corriendo y le pas\u00f3 la campera, le dijo \u2018Yony guardame mi campera\u2019 y como hac\u00eda fresco esa hora, \u00e9l se la puso. El otro muchacho se fue y ah\u00ed vino la moto con dos hombres paraguayos, uno le atac\u00f3 a mi hijo porque reconoci\u00f3 la campera que ten\u00eda puesta. Otro se baj\u00f3 y fue cuando ellos se dieron cuenta que era el otro que estaba corriendo, ellos le siguieron y por eso le hincaron al otro muchacho\u201d.<\/p>\n\n\n\n<p>Por otro lado, la madre muy angustiada remarc\u00f3: \u201cA mi hijo lo mataron inocentemente, no era el culpable porque los asesinos vinieron directamente por la campera porque, seg\u00fan dicen, el otro muchacho les hab\u00eda robado, fue una confusi\u00f3n\u201d.<\/p>\n\n\n\n<p>\u201cYo no tengo conocimiento todav\u00eda de nada de los pr\u00f3fugos porque ayer (mi\u00e9rcoles) reci\u00e9n pude enterrar a mi hijo. Yo tengo entendido que la Polic\u00eda est\u00e1 trabajando y yo conf\u00edo que todo va a salir a la luz. Tengo una gotita de paz en mi coraz\u00f3n, porque s\u00e9 que lo mataron a mi hijo equivocadamente\u201d, dijo.<\/p>\n\n\n\n<p>Finalmente relat\u00f3 que se enter\u00f3 de la muerte de su hijo mediante los medios de comunicaci\u00f3n, horas despu\u00e9s de lo ocurrido, y que fue otro de sus hijos quien vio la noticia en el celular.<\/p>\n\n\n\n<p>\u201c\u00c9l era un padre de familia, ten\u00eda sus defectos como todo ser humano pero era un hombre educado, amable, tratable, ten\u00eda un coraz\u00f3n lleno de humildad\u201d, puntualiz\u00f3 la entrevistada, quien actualmente est\u00e1 en Paraguay.<\/p>\n\n\n\n<figure class=\"wp-block-image size-large\"><img loading=\"lazy\" decoding=\"async\" width=\"1024\" height=\"576\" src=\"https:\/\/actualizateiguazu.com\/v3\/wp-content\/uploads\/2023\/01\/WhatsApp-Image-2023-01-08-at-12.58.39-PM-1024x576.jpeg\" alt=\"\" class=\"wp-image-34528\" srcset=\"https:\/\/actualizateiguazu.com\/v3\/wp-content\/uploads\/2023\/01\/WhatsApp-Image-2023-01-08-at-12.58.39-PM-1024x576.jpeg 1024w, https:\/\/actualizateiguazu.com\/v3\/wp-content\/uploads\/2023\/01\/WhatsApp-Image-2023-01-08-at-12.58.39-PM-300x169.jpeg 300w, https:\/\/actualizateiguazu.com\/v3\/wp-content\/uploads\/2023\/01\/WhatsApp-Image-2023-01-08-at-12.58.39-PM-768x432.jpeg 768w, https:\/\/actualizateiguazu.com\/v3\/wp-content\/uploads\/2023\/01\/WhatsApp-Image-2023-01-08-at-12.58.39-PM-800x450.jpeg 800w, https:\/\/actualizateiguazu.com\/v3\/wp-content\/uploads\/2023\/01\/WhatsApp-Image-2023-01-08-at-12.58.39-PM.jpeg 1280w\" sizes=\"auto, (max-width: 1024px) 100vw, 1024px\" \/><\/figure>\n\n\n\n<p><strong>Supuesta venganza<\/strong><\/p>\n\n\n\n<p>En base a los elementos que se tienen hasta el momento en la investigaci\u00f3n del homicidio se sabe que Yony, como era conocido entre sus m\u00e1s cercanos, fue atacado durante la madrugada del pasado domingo cuando estaba frente a una vivienda ubicada en cercan\u00edas al cruce de las avenidas Juan Pablo Segundo y Almafuerte de la Ciudad de las Cataratas.<\/p>\n\n\n\n<p>Una hip\u00f3tesis que trascendi\u00f3 indicar\u00eda que el fallecido, junto a otros hombres, habr\u00edan robado la billetera a uno de los dos paraguayos. El ataque se produjo a metros de las avenidas Juan Pablo Segundo y Almafuerte,<\/p>\n\n\n\n<p>Por lo que horas despu\u00e9s, los hermanos regresaron al lugar donde fueron asaltados y atacaron con un cuchillo a Fern\u00e1ndez.<\/p>\n\n\n\n<p>La identificaci\u00f3n de los sospechosos se logr\u00f3 en base a una serie de averiguaciones por parte de la Polic\u00eda, sumado al aporte de allegados a la v\u00edctima, como as\u00ed tambi\u00e9n de otros testigos que habr\u00edan presenciado parte del ataque a Fern\u00e1ndez, en el barrio Bicentenario.<\/p>\n\n\n\n<p>De acuerdo a los datos proporcionados por voceros policiales, se sospecha que los supuestos atacantes, identificados como Marcelo y Rosalino V. A, habr\u00edan estado participando, la madrugada del hecho, de una fiesta de cumplea\u00f1os en otro punto de la ciudad.<\/p>\n\n\n\n<p>Y que luego de salir de all\u00ed, ambos en una motocicleta 150 cilindradas, se trasladaron hasta el barrio Bicentenario en donde aparentemente ten\u00edan intenciones de contratar los servicios de una trabajadora sexual.<\/p>\n\n\n\n<p>En ese contexto, siempre seg\u00fan lo se\u00f1alado por las fuentes consultadas, un grupo de personas habr\u00eda interceptado a los motociclistas y le habr\u00eda sustra\u00eddo una billetera con dinero en efectivo. No se descarta que el fallecido era amigo de los supuestos delincuentes y que despu\u00e9s del robo, los dos hermanos, regresaron al lugar y se vengaron con Fern\u00e1ndez. Aunque esta versi\u00f3n por el momento no fue confirmada por los investigadores del caso.<\/p>\n\n\n\n<p>S\u00ed trascendi\u00f3 que por orden del Juzgado de Instrucci\u00f3n Tres de Puerto Iguaz\u00fa, a principios de semana se concretaron allanamientos en distintas viviendas de los barrios 25 de Mayo y Los Cedros de la Ciudad de las Cataratas.<\/p>\n\n\n\n<p>Estos inmuebles ser\u00edan los lugares donde frecuentaban los sospechosos y durante los operativos se incautaron prendas de vestir que habr\u00edan utilizado los atacantes al momento del hecho, una motocicleta Yamaha FZ 150 y un cuchillo que ser\u00e1 peritado para establecer si fue el arma homicida.<\/p>\n\n\n\n<p>Por otro lado, se solicit\u00f3 colaboraci\u00f3n a la Polic\u00eda de Paraguay ya que se sospecha que los implicados habr\u00edan cruzado al vecino pa\u00eds, posterior al homicidio.<\/p>\n\n\n\n<p>Fuente: El Territorio<\/p>\n","protected":false},"excerpt":{"rendered":"<p>La madre de Yoni Fern\u00e1ndez (30), asesinado el domingo pasado de una pu\u00f1alada, cree que<\/p>\n","protected":false},"author":1,"featured_media":34646,"comment_status":"open","ping_status":"open","sticky":false,"template":"","format":"standard","meta":{"footnotes":""},"categories":[1],"tags":[],"class_list":["post-34645","post","type-post","status-publish","format-standard","has-post-thumbnail","hentry","category-actualidad"],"_links":{"self":[{"href":"https:\/\/actualizateiguazu.com\/v3\/wp-json\/wp\/v2\/posts\/34645","targetHints":{"allow":["GET"]}}],"collection":[{"href":"https:\/\/actualizateiguazu.com\/v3\/wp-json\/wp\/v2\/posts"}],"about":[{"href":"https:\/\/actualizateiguazu.com\/v3\/wp-json\/wp\/v2\/types\/post"}],"author":[{"embeddable":true,"href":"https:\/\/actualizateiguazu.com\/v3\/wp-json\/wp\/v2\/users\/1"}],"replies":[{"embeddable":true,"href":"https:\/\/actualizateiguazu.com\/v3\/wp-json\/wp\/v2\/comments?post=34645"}],"version-history":[{"count":1,"href":"https:\/\/actualizateiguazu.com\/v3\/wp-json\/wp\/v2\/posts\/34645\/revisions"}],"predecessor-version":[{"id":34647,"href":"https:\/\/actualizateiguazu.com\/v3\/wp-json\/wp\/v2\/posts\/34645\/revisions\/34647"}],"wp:featuredmedia":[{"embeddable":true,"href":"https:\/\/actualizateiguazu.com\/v3\/wp-json\/wp\/v2\/media\/34646"}],"wp:attachment":[{"href":"https:\/\/actualizateiguazu.com\/v3\/wp-json\/wp\/v2\/media?parent=34645"}],"wp:term":[{"taxonomy":"category","embeddable":true,"href":"https:\/\/actualizateiguazu.com\/v3\/wp-json\/wp\/v2\/categories?post=34645"},{"taxonomy":"post_tag","embeddable":true,"href":"https:\/\/actualizateiguazu.com\/v3\/wp-json\/wp\/v2\/tags?post=34645"}],"curies":[{"name":"wp","href":"https:\/\/api.w.org\/{rel}","templated":true}]}}