{"id":34671,"date":"2023-01-13T13:07:42","date_gmt":"2023-01-13T16:07:42","guid":{"rendered":"https:\/\/actualizateiguazu.com\/v3\/?p=34671"},"modified":"2023-01-13T13:07:45","modified_gmt":"2023-01-13T16:07:45","slug":"comenzo-el-festival-provincial-del-turista-en-los-saltos-del-tabay","status":"publish","type":"post","link":"https:\/\/actualizateiguazu.com\/v3\/2023\/01\/13\/comenzo-el-festival-provincial-del-turista-en-los-saltos-del-tabay\/","title":{"rendered":"Comenz\u00f3 el Festival Provincial del Turista en los Saltos del Tabay"},"content":{"rendered":"\n<p>Del 12 al 14 de enero, se lleva a cabo la 35\u00ba edici\u00f3n del evento que celebra al visitante con diversas propuestas. Funcionarios provinciales y municipales acompa\u00f1aron el inicio de la fiesta.<\/p>\n\n\n\n<p>Si bien est\u00e1 abierto todo el a\u00f1o, el parque municipal Saltos del Tabay tradicionalmente realiza el Festival del Turista con el prop\u00f3sito de poner en valor la actividad tur\u00edstica y ofrecer la mejor estad\u00eda a quienes lo visiten.<\/p>\n\n\n\n<p>Durante la temporada de verano, y especialmente en estos d\u00edas, los servicios de comidas t\u00edpicas, artesan\u00edas, actividades deportivas, gastronom\u00eda, acampe y alojamiento se incrementan y optimizan.<\/p>\n\n\n\n<p>\u201cSe nota el trabajo y compromiso que hay por llevar adelante este evento a\u00f1o a a\u00f1o, por potenciar el predio y sus instalaciones, por generar mayor movimiento tur\u00edstico que significa m\u00e1s trabajo y, por lo tanto, una mejor econom\u00eda para los\/as misioneros\/as\u201d, expres\u00f3 el diputado provincial, Lucas Romero Spinelli, mientras recorr\u00eda el lugar.<\/p>\n\n\n\n<figure class=\"wp-block-image size-large\"><img loading=\"lazy\" decoding=\"async\" width=\"1024\" height=\"683\" src=\"https:\/\/actualizateiguazu.com\/v3\/wp-content\/uploads\/2023\/01\/Festival-del-Turista_Saltos-del-Tabay-4-1024x683.jpeg\" alt=\"\" class=\"wp-image-34672\" srcset=\"https:\/\/actualizateiguazu.com\/v3\/wp-content\/uploads\/2023\/01\/Festival-del-Turista_Saltos-del-Tabay-4-1024x683.jpeg 1024w, https:\/\/actualizateiguazu.com\/v3\/wp-content\/uploads\/2023\/01\/Festival-del-Turista_Saltos-del-Tabay-4-300x200.jpeg 300w, https:\/\/actualizateiguazu.com\/v3\/wp-content\/uploads\/2023\/01\/Festival-del-Turista_Saltos-del-Tabay-4-768x512.jpeg 768w, https:\/\/actualizateiguazu.com\/v3\/wp-content\/uploads\/2023\/01\/Festival-del-Turista_Saltos-del-Tabay-4-1536x1024.jpeg 1536w, https:\/\/actualizateiguazu.com\/v3\/wp-content\/uploads\/2023\/01\/Festival-del-Turista_Saltos-del-Tabay-4-2048x1365.jpeg 2048w\" sizes=\"auto, (max-width: 1024px) 100vw, 1024px\" \/><\/figure>\n\n\n\n<p>Por su parte, el subsecretario de Capacitaci\u00f3n y Control de Calidad, Ramiro Rodr\u00edguez Varela, remarc\u00f3 el prop\u00f3sito del encuentro. \u201cSabemos que ac\u00e1 pueden venir cuando quieran, en cualquier temporada, pero organizar un fin de semana especial motiva y nos recuerda la importancia de la hospitalidad, de ofrecer lo mejor de nosotros, que el turista se lleve una experiencia que lo haga volver\u201d, agreg\u00f3.<\/p>\n\n\n\n<p>La grilla de actividades de este fin de semana incluye distintos n\u00fameros art\u00edsticos. El jueves se present\u00f3 el Taller de Folklore \u00abJard\u00edn Misionero\u00bb, Dar\u00edo &amp; Hilario L\u00f3pez, Mario y Gissell Mereles, Grupo La Quimera (Folklore), Karina La Estrellita, Jos\u00e9 Luis y Los Iracundos.<\/p>\n\n\n\n<p>Hoy, viernes, es la noche de la juventud, con la participaci\u00f3n de Los Cerveceros del Norte, Alan y Che Gurisada, grupo Impacto Cervecero, Los Bohemios y DJ Armani.<\/p>\n\n\n\n<p>Mientras que, para el cierre del s\u00e1bado 14, actuar\u00e1n Sabrina Avellaneda, Mat\u00edas Hern\u00e1n de Paraguay, Suena Sanfona, Banda Estaci\u00f3n 13 y DJ Armani.<\/p>\n\n\n\n<p>Las entradas se pagan desde los siete a\u00f1os: para los jardinenses sale $300, los residentes en Misiones abonan $400, los residentes en el resto de Argentina $500, y los extranjeros a partir de los seis a\u00f1os pagan $600. Los jubilados abonan media tarifa seg\u00fan su residencia, los de Jard\u00edn Am\u00e9rica $150, los jubilados residentes en Misiones $200, los jubilados residentes en el resto de Argentina $250 y los jubilados extranjeros pagar\u00e1n $300. Las personas con discapacidad y con un acompa\u00f1ante, y los ex combatientes de Malvinas, previa presentaci\u00f3n del carnet correspondiente, ingresan de manera gratuita.<\/p>\n\n\n\n<p>El predio cuenta con todos los servicios en el \u00e1rea de acampe, espacios recreativos, saltos y pileta natural, caba\u00f1as, dormis. Quienes quieran formar parte de esta fiesta, encontrar\u00e1n todas las comodidades para conjugar recreaci\u00f3n, naturaleza y descanso, pudiendo disfrutar de la energ\u00eda de los saltos, la armon\u00eda del entorno natural, la m\u00fasica y los atractivos propuestos por el evento.<\/p>\n\n\n\n<p>El Festival Provincial del Turista ya forma parte de la agenda planificada de eventos del verano, con la cual se apunta a que misioneros\/as y visitantes conozcan y aprovechen los variados destinos de la tierra colorada y vivan experiencias que incluyan naturaleza, gastronom\u00eda, historia y cultura.<\/p>\n","protected":false},"excerpt":{"rendered":"<p>Del 12 al 14 de enero, se lleva a cabo la 35\u00ba edici\u00f3n del evento<\/p>\n","protected":false},"author":1,"featured_media":34673,"comment_status":"open","ping_status":"open","sticky":false,"template":"","format":"standard","meta":{"footnotes":""},"categories":[1,229,234],"tags":[],"class_list":["post-34671","post","type-post","status-publish","format-standard","has-post-thumbnail","hentry","category-actualidad","category-provinciales","category-turismo"],"_links":{"self":[{"href":"https:\/\/actualizateiguazu.com\/v3\/wp-json\/wp\/v2\/posts\/34671","targetHints":{"allow":["GET"]}}],"collection":[{"href":"https:\/\/actualizateiguazu.com\/v3\/wp-json\/wp\/v2\/posts"}],"about":[{"href":"https:\/\/actualizateiguazu.com\/v3\/wp-json\/wp\/v2\/types\/post"}],"author":[{"embeddable":true,"href":"https:\/\/actualizateiguazu.com\/v3\/wp-json\/wp\/v2\/users\/1"}],"replies":[{"embeddable":true,"href":"https:\/\/actualizateiguazu.com\/v3\/wp-json\/wp\/v2\/comments?post=34671"}],"version-history":[{"count":1,"href":"https:\/\/actualizateiguazu.com\/v3\/wp-json\/wp\/v2\/posts\/34671\/revisions"}],"predecessor-version":[{"id":34674,"href":"https:\/\/actualizateiguazu.com\/v3\/wp-json\/wp\/v2\/posts\/34671\/revisions\/34674"}],"wp:featuredmedia":[{"embeddable":true,"href":"https:\/\/actualizateiguazu.com\/v3\/wp-json\/wp\/v2\/media\/34673"}],"wp:attachment":[{"href":"https:\/\/actualizateiguazu.com\/v3\/wp-json\/wp\/v2\/media?parent=34671"}],"wp:term":[{"taxonomy":"category","embeddable":true,"href":"https:\/\/actualizateiguazu.com\/v3\/wp-json\/wp\/v2\/categories?post=34671"},{"taxonomy":"post_tag","embeddable":true,"href":"https:\/\/actualizateiguazu.com\/v3\/wp-json\/wp\/v2\/tags?post=34671"}],"curies":[{"name":"wp","href":"https:\/\/api.w.org\/{rel}","templated":true}]}}