{"id":34682,"date":"2023-01-15T06:59:35","date_gmt":"2023-01-15T09:59:35","guid":{"rendered":"https:\/\/actualizateiguazu.com\/v3\/?p=34682"},"modified":"2023-01-15T11:13:08","modified_gmt":"2023-01-15T14:13:08","slug":"iguazu-luego-de-una-semana-internado-murio-el-segundo-apunalado-en-el-barrio-bicentenario","status":"publish","type":"post","link":"https:\/\/actualizateiguazu.com\/v3\/2023\/01\/15\/iguazu-luego-de-una-semana-internado-murio-el-segundo-apunalado-en-el-barrio-bicentenario\/","title":{"rendered":"Iguaz\u00fa: luego de una semana internado, muri\u00f3 el segundo apu\u00f1alado en el barrio Bicentenario"},"content":{"rendered":"\n<p>Se trata de Diego Cesar Br\u00edtez (28). Su deceso se sum\u00f3 al de Jonathan Fern\u00e1ndez (30), quien muri\u00f3 en el mismo ataque. En paralelo complic\u00f3 la situaci\u00f3n procesal de Juan David L. (28), \u00fanico detenido que tiene la causa.<\/p>\n\n\n\n<p>Diego Cesar Br\u00edtez (38) muri\u00f3 en las \u00faltimas horas tras haber estado alrededor de seis d\u00edas internado en grave estado como consecuencia de las pu\u00f1aladas que recibi\u00f3 en un&nbsp; enfrentamiento sucedido el domingo pasado en el coraz\u00f3n del barrio Bicentenario de Puerto Iguaz\u00fa. El cuerpo fue enviado a autopsia.<\/p>\n\n\n\n<p>Su deceso se sum\u00f3 al de Jonathan Fern\u00e1ndez (30), quien muri\u00f3 de la misma manera y en el mismo pleito. En paralelo complic\u00f3 la situaci\u00f3n procesal de Juan David L. (28), conocido como Chito, quien es el \u00fanico detenido que tiene la causa.<\/p>\n\n\n\n<p>En la calle<\/p>\n\n\n\n<p>Tal como inform\u00f3 El Territorio, en plena madrugada del domingo 8 de enero la Polic\u00eda hall\u00f3 a Fern\u00e1ndez sin vida y con lesiones cortantes en distintas partes del cuerpo, sobre calle Los Trabajadores del citado barrio, y a unos 500 metros encontr\u00f3 a Br\u00edtez, tambi\u00e9n con heridas de arma blanca.<\/p>\n\n\n\n<figure class=\"wp-block-image size-large\"><img loading=\"lazy\" decoding=\"async\" width=\"1024\" height=\"576\" src=\"https:\/\/actualizateiguazu.com\/v3\/wp-content\/uploads\/2023\/01\/WhatsApp-Image-2023-01-08-at-12.58.39-PM-1024x576.jpeg\" alt=\"\" class=\"wp-image-34528\" srcset=\"https:\/\/actualizateiguazu.com\/v3\/wp-content\/uploads\/2023\/01\/WhatsApp-Image-2023-01-08-at-12.58.39-PM-1024x576.jpeg 1024w, https:\/\/actualizateiguazu.com\/v3\/wp-content\/uploads\/2023\/01\/WhatsApp-Image-2023-01-08-at-12.58.39-PM-300x169.jpeg 300w, https:\/\/actualizateiguazu.com\/v3\/wp-content\/uploads\/2023\/01\/WhatsApp-Image-2023-01-08-at-12.58.39-PM-768x432.jpeg 768w, https:\/\/actualizateiguazu.com\/v3\/wp-content\/uploads\/2023\/01\/WhatsApp-Image-2023-01-08-at-12.58.39-PM-800x450.jpeg 800w, https:\/\/actualizateiguazu.com\/v3\/wp-content\/uploads\/2023\/01\/WhatsApp-Image-2023-01-08-at-12.58.39-PM.jpeg 1280w\" sizes=\"auto, (max-width: 1024px) 100vw, 1024px\" \/><\/figure>\n\n\n\n<p>Ya con presencia del m\u00e9dico policial interviniente se constataron las lesiones cortantes que presentaba el fallecido y se dispuso que el cuerpo sea trasladado a la Morgue Judicial para correspondiente autopsia. Pero en medio de las labores investigativas, a un par de cuadras, fueron alertados del hallazgo de Br\u00edtez, con lesiones, tambi\u00e9n tendido en el suelo.<\/p>\n\n\n\n<p>Este \u00faltimo fue ubicado a metros de la avenida Juan Pablo Segundo y al ser examinado los galenos que lo atendieron detectaron que presentaba un corte en la oreja, otra lesi\u00f3n punzocortante en uno de sus pulmones, adem\u00e1s de cortes en el pecho y otros similares en la axila, por lo que tuvo que ser derivado de urgencia al hospital Samic local, donde estuvo en grave estado hasta que finalmente el s\u00e1bado a las 18horas dej\u00f3 de existir.<\/p>\n\n\n\n<p>Detenido, complicado<\/p>\n\n\n\n<figure class=\"wp-block-image size-full\"><img loading=\"lazy\" decoding=\"async\" width=\"566\" height=\"414\" src=\"https:\/\/actualizateiguazu.com\/v3\/wp-content\/uploads\/2023\/01\/acusado-de-apunalar-1.jpg\" alt=\"\" class=\"wp-image-34628\" srcset=\"https:\/\/actualizateiguazu.com\/v3\/wp-content\/uploads\/2023\/01\/acusado-de-apunalar-1.jpg 566w, https:\/\/actualizateiguazu.com\/v3\/wp-content\/uploads\/2023\/01\/acusado-de-apunalar-1-300x219.jpg 300w\" sizes=\"auto, (max-width: 566px) 100vw, 566px\" \/><\/figure>\n\n\n\n<p>El mi\u00e9rcoles \u00faltimo Chito, el principal sospechoso, fue ubicado durante un operativo policial realizado en una vivienda del Barrio Policial, en la zona de las 2000 Hect\u00e1reas.<\/p>\n\n\n\n<p>La detenci\u00f3n se produjo luego de la declaraci\u00f3n testimonial de la madre y una hermana de la segunda v\u00edctima mortal, como tambi\u00e9n de un amigo del acusado a quien supuestamente este \u00faltimo le confes\u00f3 haber hincado a alguien por cuestiones familiares.<\/p>\n\n\n\n<p>Al parecer, seg\u00fan indicaron fuentes policiales consultadas, Chito habr\u00eda discutido con Br\u00edtez, quien es hermano de su ex pareja. En ese contexto ocurrieron las agresiones.<\/p>\n\n\n\n<p>En poder del acusado, los polic\u00edas secuestraron prendas de vestir con manchas de sangre. Sigue privado de la libertad a disposici\u00f3n del Juzgado de Instrucci\u00f3n Tres.<\/p>\n\n\n\n<p>\u00ab\u00c9l era un padre de familia, ten\u00eda sus defectos como todo seres humanos pero era un hombre educado, amable, tratable, un coraz\u00f3n lleno de humildad\u00bb, manifest\u00f3 Ana, mam\u00e1 de Jonathan Fern\u00e1ndez.<\/p>\n\n\n\n<p>Fuente: El Territorio <\/p>\n","protected":false},"excerpt":{"rendered":"<p>Se trata de Diego Cesar Br\u00edtez (28). Su deceso se sum\u00f3 al de Jonathan Fern\u00e1ndez<\/p>\n","protected":false},"author":1,"featured_media":34683,"comment_status":"open","ping_status":"open","sticky":false,"template":"","format":"standard","meta":{"footnotes":""},"categories":[1,226],"tags":[],"class_list":["post-34682","post","type-post","status-publish","format-standard","has-post-thumbnail","hentry","category-actualidad","category-locales"],"_links":{"self":[{"href":"https:\/\/actualizateiguazu.com\/v3\/wp-json\/wp\/v2\/posts\/34682","targetHints":{"allow":["GET"]}}],"collection":[{"href":"https:\/\/actualizateiguazu.com\/v3\/wp-json\/wp\/v2\/posts"}],"about":[{"href":"https:\/\/actualizateiguazu.com\/v3\/wp-json\/wp\/v2\/types\/post"}],"author":[{"embeddable":true,"href":"https:\/\/actualizateiguazu.com\/v3\/wp-json\/wp\/v2\/users\/1"}],"replies":[{"embeddable":true,"href":"https:\/\/actualizateiguazu.com\/v3\/wp-json\/wp\/v2\/comments?post=34682"}],"version-history":[{"count":2,"href":"https:\/\/actualizateiguazu.com\/v3\/wp-json\/wp\/v2\/posts\/34682\/revisions"}],"predecessor-version":[{"id":34690,"href":"https:\/\/actualizateiguazu.com\/v3\/wp-json\/wp\/v2\/posts\/34682\/revisions\/34690"}],"wp:featuredmedia":[{"embeddable":true,"href":"https:\/\/actualizateiguazu.com\/v3\/wp-json\/wp\/v2\/media\/34683"}],"wp:attachment":[{"href":"https:\/\/actualizateiguazu.com\/v3\/wp-json\/wp\/v2\/media?parent=34682"}],"wp:term":[{"taxonomy":"category","embeddable":true,"href":"https:\/\/actualizateiguazu.com\/v3\/wp-json\/wp\/v2\/categories?post=34682"},{"taxonomy":"post_tag","embeddable":true,"href":"https:\/\/actualizateiguazu.com\/v3\/wp-json\/wp\/v2\/tags?post=34682"}],"curies":[{"name":"wp","href":"https:\/\/api.w.org\/{rel}","templated":true}]}}