{"id":35362,"date":"2023-02-17T19:30:59","date_gmt":"2023-02-17T22:30:59","guid":{"rendered":"https:\/\/actualizateiguazu.com\/v3\/?p=35362"},"modified":"2023-02-17T19:32:23","modified_gmt":"2023-02-17T22:32:23","slug":"iplyc-social-acompano-el-programa-vuelta-a-clases","status":"publish","type":"post","link":"https:\/\/actualizateiguazu.com\/v3\/2023\/02\/17\/iplyc-social-acompano-el-programa-vuelta-a-clases\/","title":{"rendered":"IPLyC Social acompa\u00f1\u00f3 el programa vuelta a clases"},"content":{"rendered":"\n<p>Tras el par\u00e9ntesis propio de la temporada estival, este programa del IPLyC SE volvi\u00f3 al ruedo, ofreciendo soluciones y brindando servicios a los vecinos de esta populosa barriada posade\u00f1a, bajo el lema \u201cEstamos con vos\u201d.<\/p>\n\n\n\n<p>en el lugar se realiz\u00f3 la entrega de bandejas saludables y golosinas para los ni\u00f1os, que tambi\u00e9n se realizaron actividades recreativas, mientras los adultos realizan la fila para acceder a las consultas con el oftalm\u00f3logo o el pediatra, a fin de obtener los certificados m\u00e9dicos necesarios para el ingreso escolar. <\/p>\n\n\n\n<figure class=\"wp-block-image size-large\"><img loading=\"lazy\" decoding=\"async\" width=\"1024\" height=\"768\" src=\"https:\/\/actualizateiguazu.com\/v3\/wp-content\/uploads\/2023\/02\/RD-en-A4-1024x768.jpeg\" alt=\"\" class=\"wp-image-35363\" srcset=\"https:\/\/actualizateiguazu.com\/v3\/wp-content\/uploads\/2023\/02\/RD-en-A4-1024x768.jpeg 1024w, https:\/\/actualizateiguazu.com\/v3\/wp-content\/uploads\/2023\/02\/RD-en-A4-300x225.jpeg 300w, https:\/\/actualizateiguazu.com\/v3\/wp-content\/uploads\/2023\/02\/RD-en-A4-768x576.jpeg 768w, https:\/\/actualizateiguazu.com\/v3\/wp-content\/uploads\/2023\/02\/RD-en-A4-720x540.jpeg 720w, https:\/\/actualizateiguazu.com\/v3\/wp-content\/uploads\/2023\/02\/RD-en-A4.jpeg 1280w\" sizes=\"auto, (max-width: 1024px) 100vw, 1024px\" \/><\/figure>\n\n\n\n<p>Es de suma importancia que los peque\u00f1os puedan realizarse los chequeos correspondientes antes de ingresar a las aulas. \u201cPor eso es importante que desde las instituciones del estado trabajemos mancomunadamente y garanticemos a las familias el acceso a los servicios de salud\u201d, dijo el presidente del IPLyC SE, H\u00e9ctor Rojas Decut, quien junto a la diputada Sonia Rojas Decut, supervis\u00f3 las actividades que se desarrollaron esta ma\u00f1ana de viernes en el play\u00f3n del barrio, y se interiorizaron sobre las necesidades y la vida de los lugare\u00f1os.<\/p>\n\n\n\n<p>El responsable del Programa IPLyC Social, Marcelo Ledesma acompa\u00f1o las actividades.<\/p>\n","protected":false},"excerpt":{"rendered":"<p>Tras el par\u00e9ntesis propio de la temporada estival, este programa del IPLyC SE volvi\u00f3 al<\/p>\n","protected":false},"author":1,"featured_media":35364,"comment_status":"open","ping_status":"open","sticky":false,"template":"","format":"standard","meta":{"footnotes":""},"categories":[1,229],"tags":[],"class_list":["post-35362","post","type-post","status-publish","format-standard","has-post-thumbnail","hentry","category-actualidad","category-provinciales"],"_links":{"self":[{"href":"https:\/\/actualizateiguazu.com\/v3\/wp-json\/wp\/v2\/posts\/35362","targetHints":{"allow":["GET"]}}],"collection":[{"href":"https:\/\/actualizateiguazu.com\/v3\/wp-json\/wp\/v2\/posts"}],"about":[{"href":"https:\/\/actualizateiguazu.com\/v3\/wp-json\/wp\/v2\/types\/post"}],"author":[{"embeddable":true,"href":"https:\/\/actualizateiguazu.com\/v3\/wp-json\/wp\/v2\/users\/1"}],"replies":[{"embeddable":true,"href":"https:\/\/actualizateiguazu.com\/v3\/wp-json\/wp\/v2\/comments?post=35362"}],"version-history":[{"count":2,"href":"https:\/\/actualizateiguazu.com\/v3\/wp-json\/wp\/v2\/posts\/35362\/revisions"}],"predecessor-version":[{"id":35366,"href":"https:\/\/actualizateiguazu.com\/v3\/wp-json\/wp\/v2\/posts\/35362\/revisions\/35366"}],"wp:featuredmedia":[{"embeddable":true,"href":"https:\/\/actualizateiguazu.com\/v3\/wp-json\/wp\/v2\/media\/35364"}],"wp:attachment":[{"href":"https:\/\/actualizateiguazu.com\/v3\/wp-json\/wp\/v2\/media?parent=35362"}],"wp:term":[{"taxonomy":"category","embeddable":true,"href":"https:\/\/actualizateiguazu.com\/v3\/wp-json\/wp\/v2\/categories?post=35362"},{"taxonomy":"post_tag","embeddable":true,"href":"https:\/\/actualizateiguazu.com\/v3\/wp-json\/wp\/v2\/tags?post=35362"}],"curies":[{"name":"wp","href":"https:\/\/api.w.org\/{rel}","templated":true}]}}