{"id":35423,"date":"2023-02-21T13:20:56","date_gmt":"2023-02-21T16:20:56","guid":{"rendered":"https:\/\/actualizateiguazu.com\/v3\/?p=35423"},"modified":"2023-02-21T13:20:57","modified_gmt":"2023-02-21T16:20:57","slug":"reclamaron-la-prision-de-sergio-kozak-por-el-doble-femicidio-de-debora-y-gabriela","status":"publish","type":"post","link":"https:\/\/actualizateiguazu.com\/v3\/2023\/02\/21\/reclamaron-la-prision-de-sergio-kozak-por-el-doble-femicidio-de-debora-y-gabriela\/","title":{"rendered":"Reclamaron la prisi\u00f3n de Sergio Kozak por el doble femicidio de D\u00e9bora y Gabriela"},"content":{"rendered":"\n<p>Familiares y las integrantes de la Agrupaci\u00f3n Mujeres Autoconvocadas exigieron justicia y la pronta prisi\u00f3n de Sergio Kozak pr\u00f3fugo de la causa por el doble Femicidio de D\u00e9bora y Gabriela perpetrado el pasado 21 de febrero del 2.021. la concentraci\u00f3n fue en la plaza San Martin de Puerto Iguaz\u00fa luego se dirigieron al predio de la Unidad Regional V para luego marchar por las principales avenida de la ciudad de las cataratas hasta el juzgado de Instrucci\u00f3n N\u00ba3.<\/p>\n\n\n\n<p>\u201cexigimos que la justicia aprese a Sergio Kozak, ya hemos hecho un trabajo de investigaci\u00f3n y sabemos que este asesino est\u00e1 a 50 kil\u00f3metros de San Antonio. Ya aportamos los datos necesarios pero la justicia no act\u00faa y no sabemos porque\u201d manifest\u00f3 Graciela Elizalde t\u00eda de Gabriela.<\/p>\n\n\n\n<figure class=\"wp-block-image size-large\"><img loading=\"lazy\" decoding=\"async\" width=\"1024\" height=\"576\" src=\"https:\/\/actualizateiguazu.com\/v3\/wp-content\/uploads\/2023\/02\/IMG_20230221_112648356-1024x576.jpg\" alt=\"\" class=\"wp-image-35426\" srcset=\"https:\/\/actualizateiguazu.com\/v3\/wp-content\/uploads\/2023\/02\/IMG_20230221_112648356-1024x576.jpg 1024w, https:\/\/actualizateiguazu.com\/v3\/wp-content\/uploads\/2023\/02\/IMG_20230221_112648356-300x169.jpg 300w, https:\/\/actualizateiguazu.com\/v3\/wp-content\/uploads\/2023\/02\/IMG_20230221_112648356-768x432.jpg 768w, https:\/\/actualizateiguazu.com\/v3\/wp-content\/uploads\/2023\/02\/IMG_20230221_112648356-1536x864.jpg 1536w, https:\/\/actualizateiguazu.com\/v3\/wp-content\/uploads\/2023\/02\/IMG_20230221_112648356-2048x1152.jpg 2048w, https:\/\/actualizateiguazu.com\/v3\/wp-content\/uploads\/2023\/02\/IMG_20230221_112648356-800x450.jpg 800w\" sizes=\"auto, (max-width: 1024px) 100vw, 1024px\" \/><\/figure>\n\n\n\n<p>La Familia empapelo con la cara de las v\u00edctimas y del acusado varios puntos de la ciudad con el fin de visibilizar la causa que al parecer fue olvidada por la justicia \u201cNo tenemos novedades, nunca m\u00e1s nos contactaron desde el Juzgado. Yo le dije a mi hija hay que salir a luchar si queremos justicia, porque no hacen su trabajo\u201d manifest\u00f3 Jorge Ag\u00fcero, padre y abuelos de las v\u00edctimas.<\/p>\n\n\n\n<p>Esta prevista una marcha y pegatina en la localidad de San Antonio y nuevamente volver\u00e1n a Iguaz\u00fa el d\u00eda 8 de marzo d\u00eda de la internacional de la mujer para exigir respuestas.<\/p>\n\n\n\n<figure class=\"wp-block-image size-large\"><img loading=\"lazy\" decoding=\"async\" width=\"1024\" height=\"576\" src=\"https:\/\/actualizateiguazu.com\/v3\/wp-content\/uploads\/2023\/02\/IMG_20230221_113303680-1024x576.jpg\" alt=\"\" class=\"wp-image-35427\" srcset=\"https:\/\/actualizateiguazu.com\/v3\/wp-content\/uploads\/2023\/02\/IMG_20230221_113303680-1024x576.jpg 1024w, https:\/\/actualizateiguazu.com\/v3\/wp-content\/uploads\/2023\/02\/IMG_20230221_113303680-300x169.jpg 300w, https:\/\/actualizateiguazu.com\/v3\/wp-content\/uploads\/2023\/02\/IMG_20230221_113303680-768x432.jpg 768w, https:\/\/actualizateiguazu.com\/v3\/wp-content\/uploads\/2023\/02\/IMG_20230221_113303680-1536x864.jpg 1536w, https:\/\/actualizateiguazu.com\/v3\/wp-content\/uploads\/2023\/02\/IMG_20230221_113303680-2048x1152.jpg 2048w, https:\/\/actualizateiguazu.com\/v3\/wp-content\/uploads\/2023\/02\/IMG_20230221_113303680-800x450.jpg 800w\" sizes=\"auto, (max-width: 1024px) 100vw, 1024px\" \/><\/figure>\n\n\n\n<p>Mediante fuentes policiales, este matutino pudo constatar que desde ese momento el paradero de Kozak es desconocido, ya que luego del ataque mortal hacia las dos mujeres, se dio a la fuga en su camioneta Fiat Toro de color azul, veh\u00edculo que horas m\u00e1s tarde fue encontrado en un paraje a cinco kil\u00f3metros del centro de la localidad.<\/p>\n","protected":false},"excerpt":{"rendered":"<p>Familiares y las integrantes de la Agrupaci\u00f3n Mujeres Autoconvocadas exigieron justicia y la pronta prisi\u00f3n<\/p>\n","protected":false},"author":1,"featured_media":35424,"comment_status":"open","ping_status":"open","sticky":false,"template":"","format":"standard","meta":{"footnotes":""},"categories":[1,226],"tags":[],"class_list":["post-35423","post","type-post","status-publish","format-standard","has-post-thumbnail","hentry","category-actualidad","category-locales"],"_links":{"self":[{"href":"https:\/\/actualizateiguazu.com\/v3\/wp-json\/wp\/v2\/posts\/35423","targetHints":{"allow":["GET"]}}],"collection":[{"href":"https:\/\/actualizateiguazu.com\/v3\/wp-json\/wp\/v2\/posts"}],"about":[{"href":"https:\/\/actualizateiguazu.com\/v3\/wp-json\/wp\/v2\/types\/post"}],"author":[{"embeddable":true,"href":"https:\/\/actualizateiguazu.com\/v3\/wp-json\/wp\/v2\/users\/1"}],"replies":[{"embeddable":true,"href":"https:\/\/actualizateiguazu.com\/v3\/wp-json\/wp\/v2\/comments?post=35423"}],"version-history":[{"count":1,"href":"https:\/\/actualizateiguazu.com\/v3\/wp-json\/wp\/v2\/posts\/35423\/revisions"}],"predecessor-version":[{"id":35428,"href":"https:\/\/actualizateiguazu.com\/v3\/wp-json\/wp\/v2\/posts\/35423\/revisions\/35428"}],"wp:featuredmedia":[{"embeddable":true,"href":"https:\/\/actualizateiguazu.com\/v3\/wp-json\/wp\/v2\/media\/35424"}],"wp:attachment":[{"href":"https:\/\/actualizateiguazu.com\/v3\/wp-json\/wp\/v2\/media?parent=35423"}],"wp:term":[{"taxonomy":"category","embeddable":true,"href":"https:\/\/actualizateiguazu.com\/v3\/wp-json\/wp\/v2\/categories?post=35423"},{"taxonomy":"post_tag","embeddable":true,"href":"https:\/\/actualizateiguazu.com\/v3\/wp-json\/wp\/v2\/tags?post=35423"}],"curies":[{"name":"wp","href":"https:\/\/api.w.org\/{rel}","templated":true}]}}