{"id":35577,"date":"2023-02-28T19:34:29","date_gmt":"2023-02-28T22:34:29","guid":{"rendered":"https:\/\/actualizateiguazu.com\/v3\/?p=35577"},"modified":"2023-02-28T19:34:32","modified_gmt":"2023-02-28T22:34:32","slug":"culmino-recreo-de-verano-un-programa-inclusivo-e-integral-pensado-en-las-infancias","status":"publish","type":"post","link":"https:\/\/actualizateiguazu.com\/v3\/2023\/02\/28\/culmino-recreo-de-verano-un-programa-inclusivo-e-integral-pensado-en-las-infancias\/","title":{"rendered":"Culmin\u00f3 \u201cRecreo de Verano\u201d, un programa inclusivo e integral, pensado en las infancias"},"content":{"rendered":"\n<p class=\"wp-block-paragraph\">Desde su inicio, el 13 de diciembre pasado, el Espacio Recreativo IPLyC recibi\u00f3 en sus instalaciones de Jauretche y Tambor de Tacuar\u00ed, a 2.015 chicos que llegaron desde 40 barrios de Posadas y de Garup\u00e1, poniendo de manifiesto el compromiso social de esta instituci\u00f3n del Estado. De esta \u00faltima jornada de juegos y entretenimientos, participaron las infancias de los barrios Vecinos Unidos (complejo A 3-2), Los Patitos y Chacra 26 (ex Rowing), que recibieron la visita del presidente del directorio del IPLyC SE, H\u00e9ctor Rojas Decut; el vicepresidente del Instituto, Mario Alcaraz, y la diputada, Sonia Rojas Decut.<\/p>\n\n\n\n<figure class=\"wp-block-image size-full\"><img loading=\"lazy\" decoding=\"async\" width=\"1000\" height=\"450\" src=\"https:\/\/actualizateiguazu.com\/v3\/wp-content\/uploads\/2023\/02\/Recreo-28-feb-2023-ultimo.jpeg\" alt=\"\" class=\"wp-image-35579\" srcset=\"https:\/\/actualizateiguazu.com\/v3\/wp-content\/uploads\/2023\/02\/Recreo-28-feb-2023-ultimo.jpeg 1000w, https:\/\/actualizateiguazu.com\/v3\/wp-content\/uploads\/2023\/02\/Recreo-28-feb-2023-ultimo-300x135.jpeg 300w, https:\/\/actualizateiguazu.com\/v3\/wp-content\/uploads\/2023\/02\/Recreo-28-feb-2023-ultimo-768x346.jpeg 768w\" sizes=\"auto, (max-width: 1000px) 100vw, 1000px\" \/><\/figure>\n\n\n\n<p class=\"wp-block-paragraph\">Al t\u00e9rmino de estos 38 encuentros, Rojas Decut realiz\u00f3 un balance sumamente positivo del programa y manifest\u00f3 que \u201cestamos muy contentos porque para nosotros tambi\u00e9n fue un desaf\u00edo. Cada d\u00eda fuimos a buscar a ni\u00f1os de un barrio diferente y tuvimos una excelente respuesta de la gente, pudiendo superar los 2000 chicos al finalizar estos casi tres meses de actividades\u201d.<\/p>\n\n\n\n<p class=\"wp-block-paragraph\">Dijo que el objetivo est\u00e1 cumplido y que, seguramente, se ir\u00e1n incorporando otras actividades y programas para seguir trabajando junto a ellos, \u201cllevarles alegr\u00eda y sacarles una sonrisa\u201d.<br>Indic\u00f3 que las actividades pudieron desarrollarse \u201ca partir de una gesti\u00f3n ordenada, transparente, y el compromiso social que nos caracteriza, y que viene de la mano del Gobernador de Misiones, Oscar Herrera Ahuad, que, a partir de su sensibilidad social, siempre nos est\u00e1 trazando ejes en ese sentido\u201d.<\/p>\n\n\n\n<figure class=\"wp-block-image size-large\"><img loading=\"lazy\" decoding=\"async\" width=\"1024\" height=\"461\" src=\"https:\/\/actualizateiguazu.com\/v3\/wp-content\/uploads\/2023\/02\/Recreo-28-feb-2023-ultimo4-1024x461.jpeg\" alt=\"\" class=\"wp-image-35578\" srcset=\"https:\/\/actualizateiguazu.com\/v3\/wp-content\/uploads\/2023\/02\/Recreo-28-feb-2023-ultimo4-1024x461.jpeg 1024w, https:\/\/actualizateiguazu.com\/v3\/wp-content\/uploads\/2023\/02\/Recreo-28-feb-2023-ultimo4-300x135.jpeg 300w, https:\/\/actualizateiguazu.com\/v3\/wp-content\/uploads\/2023\/02\/Recreo-28-feb-2023-ultimo4-768x346.jpeg 768w, https:\/\/actualizateiguazu.com\/v3\/wp-content\/uploads\/2023\/02\/Recreo-28-feb-2023-ultimo4-1536x691.jpeg 1536w, https:\/\/actualizateiguazu.com\/v3\/wp-content\/uploads\/2023\/02\/Recreo-28-feb-2023-ultimo4.jpeg 1600w\" sizes=\"auto, (max-width: 1024px) 100vw, 1024px\" \/><\/figure>\n\n\n\n<p class=\"wp-block-paragraph\">Sostuvo que \u201cpara nosotros es un desaf\u00edo venir y escuchar a los padres que acompa\u00f1an a los grupos \u2013fueron 360 en total-, aprendemos de ellos, nos interiorizamos respecto a c\u00f3mo est\u00e1n en sus barrios, c\u00f3mo viven las familias, porque esa es nuestra tarea, llegar a quienes podamos\u201d.<br>Desde los programas sociales del IPLyC SE, \u201cbuscamos generar espacios donde podamos encontrarnos, intercambiar opiniones sobre los valores, disciplinas deportivas, juegos, recreaci\u00f3n. Siempre nuestros programas tratan de ser inclusivos, integrales en el abordaje\u201d.<\/p>\n\n\n\n<p class=\"wp-block-paragraph\">Reunida con un grupo de madres que acompa\u00f1\u00f3 a los contingentes, Sonia Rojas Decut puso \u00e9nfasis en \u201clo importante que es para nosotros estar cerca de ustedes, escucharlos, ver c\u00f3mo los podemos acompa\u00f1ar, y estar presentes a trav\u00e9s de diferentes programas\u201d.<\/p>\n\n\n\n<p class=\"wp-block-paragraph\">Para Daniel Nicollier, profesor encargado de coordinar el equipo de trabajo, tambi\u00e9n fue un balance \u201cs\u00faper positivo\u201d. \u201cNunca un chico se fue triste porque no pudo jugar, siempre se divirtieron y comieron rico. Estamos felices porque les cambiamos al menos un d\u00eda de sus vidas. Que hayan vuelto a casa cansados de hacer actividad f\u00edsica, y que compartieran momentos \u00fanicos que no sabemos cu\u00e1ndo se volver\u00e1n a repetir, es grandioso\u201d, asegur\u00f3, al tiempo que destac\u00f3 el desempe\u00f1o de sus compa\u00f1eros: \u201csomos j\u00f3venes con energ\u00eda, con pilas, con ganas de colaborar para que todos pasaran bien y se retiraran felices\u201d<\/p>\n\n\n\n<p class=\"wp-block-paragraph\">M\u00e1s all\u00e1 de fueran solo juegos, \u201csiempre inculcamos que no hagan trampa, que respeten las reglas, que compartan con los m\u00e1s peque\u00f1os, que se sientan incluidos, que ocupen roles y respetaran el tiempo del otro. El juego no servir\u00eda de nada si no fuera para inculcarles valores, compa\u00f1erismo, respeto, solidaridad, juego en equipo, que es todo lo que se repite a lo largo de la vida misma\u201d.<\/p>\n","protected":false},"excerpt":{"rendered":"<p>Desde su inicio, el 13 de diciembre pasado, el Espacio Recreativo IPLyC recibi\u00f3 en sus<\/p>\n","protected":false},"author":1,"featured_media":35580,"comment_status":"open","ping_status":"open","sticky":false,"template":"","format":"standard","meta":{"footnotes":""},"categories":[1,229],"tags":[],"class_list":["post-35577","post","type-post","status-publish","format-standard","has-post-thumbnail","hentry","category-actualidad","category-provinciales"],"_links":{"self":[{"href":"https:\/\/actualizateiguazu.com\/v3\/wp-json\/wp\/v2\/posts\/35577","targetHints":{"allow":["GET"]}}],"collection":[{"href":"https:\/\/actualizateiguazu.com\/v3\/wp-json\/wp\/v2\/posts"}],"about":[{"href":"https:\/\/actualizateiguazu.com\/v3\/wp-json\/wp\/v2\/types\/post"}],"author":[{"embeddable":true,"href":"https:\/\/actualizateiguazu.com\/v3\/wp-json\/wp\/v2\/users\/1"}],"replies":[{"embeddable":true,"href":"https:\/\/actualizateiguazu.com\/v3\/wp-json\/wp\/v2\/comments?post=35577"}],"version-history":[{"count":1,"href":"https:\/\/actualizateiguazu.com\/v3\/wp-json\/wp\/v2\/posts\/35577\/revisions"}],"predecessor-version":[{"id":35581,"href":"https:\/\/actualizateiguazu.com\/v3\/wp-json\/wp\/v2\/posts\/35577\/revisions\/35581"}],"wp:featuredmedia":[{"embeddable":true,"href":"https:\/\/actualizateiguazu.com\/v3\/wp-json\/wp\/v2\/media\/35580"}],"wp:attachment":[{"href":"https:\/\/actualizateiguazu.com\/v3\/wp-json\/wp\/v2\/media?parent=35577"}],"wp:term":[{"taxonomy":"category","embeddable":true,"href":"https:\/\/actualizateiguazu.com\/v3\/wp-json\/wp\/v2\/categories?post=35577"},{"taxonomy":"post_tag","embeddable":true,"href":"https:\/\/actualizateiguazu.com\/v3\/wp-json\/wp\/v2\/tags?post=35577"}],"curies":[{"name":"wp","href":"https:\/\/api.w.org\/{rel}","templated":true}]}}