{"id":35586,"date":"2023-02-28T21:09:24","date_gmt":"2023-03-01T00:09:24","guid":{"rendered":"https:\/\/actualizateiguazu.com\/v3\/?p=35586"},"modified":"2023-02-28T21:09:26","modified_gmt":"2023-03-01T00:09:26","slug":"cuando-sera-la-imperdible-conjuncion-venus-jupiter-y-como-verla","status":"publish","type":"post","link":"https:\/\/actualizateiguazu.com\/v3\/2023\/02\/28\/cuando-sera-la-imperdible-conjuncion-venus-jupiter-y-como-verla\/","title":{"rendered":"\u00bfCu\u00e1ndo ser\u00e1 la imperdible conjunci\u00f3n Venus-J\u00fapiter y c\u00f3mo verla?"},"content":{"rendered":"\n<p class=\"wp-block-paragraph\">Este mi\u00e9rcoles 1 de marzo, los dos planetas m\u00e1s brillantes del sistema solar, parecer\u00e1n tocarse en el cielo. El evento, que se observar\u00e1 a ojo desnudo desde todo el pa\u00eds, consiste en que Venus, conocido popularmente como El Lucero, y J\u00fapiter, el gigante del sistema solar, \u201cse ver\u00e1n reunidos con las estrellas de la constelaci\u00f3n zodiacal de Piscis como tel\u00f3n de fondo, hacia al horizonte noroeste, desde unos 25 minutos despu\u00e9s de la puesta del sol\u201d, afirm\u00f3 a AIM el director del Planetario de San Luis, Mart\u00edn Fern\u00e1ndez.<br><br>En rigor, Venus y J\u00fapiter estar\u00e1n separados por millones de kil\u00f3metros, pero, desde la Tierra, parecer\u00e1 que est\u00e1n a punto de colisionar.<br><br>En di\u00e1logo con esta Agencia, Fern\u00e1ndez aclar\u00f3 que \u201cla separaci\u00f3n aproximada entre ambos planetas ser\u00e1 de aproximadamente dos di\u00e1metros lunares, o lo que ser\u00eda aproximadamente el equivalente a un grado, por lo cual, adem\u00e1s de observar a los dos planetas a ojo desnudo, quienes quieran mirarlos con telescopios utilizando bajos aumentos, podr\u00e1n encontrar, en una misma imagen, los dos planetas inmersos\u201d.<br><br>En el caso de la observaci\u00f3n con binoculares, \u201cadem\u00e1s de ver a estos dos planetas juntos, podr\u00e1n apreciar tambi\u00e9n, incluso, algunas de las lunas galileanas de las 92 que J\u00fapiter tiene en total\u201d. Venus podr\u00e1 verse tambi\u00e9n en fase.<br><br><strong>Conjunci\u00f3n<\/strong><br>Lo recomendable para observar esta conjunci\u00f3n, es realizar la observaci\u00f3n desde un lugar donde el horizonte noroeste est\u00e9 despejado de obst\u00e1culos visuales, como vegetaci\u00f3n o edificaciones.<br><br>Fern\u00e1ndez destac\u00f3 un dato de inter\u00e9s: \u201cEl planeta Venus, tambi\u00e9n conocido como El Lucero, palabra que viene de luz, lo que se debe a que refleja una cantidad importante de la luz solar, es el m\u00e1s luminoso de todos y luce como un astro blancuzco. J\u00fapiter tambi\u00e9n es un astro blancuzco, pero con menos intensidad lum\u00ednica que Venus. Venus est\u00e1 vinculado con el d\u00eda de la semana denominado viernes, mientras que J\u00fapiter con el jueves\u201d.<br><br><strong>El dato<\/strong><br>Despu\u00e9s de la noche especifica de la conjunci\u00f3n, el 1 de marzo, entre 20 o 25 minutos despu\u00e9s del ocaso solar, los dos astros se ir\u00e1n alejando progresivamente entre s\u00ed.<br><br><strong>M\u00e1s actividades<\/strong><br>A partir de marzo, el Planetario de San Luis iniciar\u00e1 el Ciclo Anual de Astronom\u00eda Virtual 2023, destinado a ni\u00f1os y adolescentes hasta 15 a\u00f1os. Quienes est\u00e9n interesados en participar, pueden informarse en el n\u00famero de Whatsapp 2665 120337.<br><strong>De la Redacci\u00f3n de AIM.<\/strong><\/p>\n","protected":false},"excerpt":{"rendered":"<p>Este mi\u00e9rcoles 1 de marzo, los dos planetas m\u00e1s brillantes del sistema solar, parecer\u00e1n tocarse<\/p>\n","protected":false},"author":1,"featured_media":35587,"comment_status":"open","ping_status":"open","sticky":false,"template":"","format":"standard","meta":{"footnotes":""},"categories":[1,227],"tags":[],"class_list":["post-35586","post","type-post","status-publish","format-standard","has-post-thumbnail","hentry","category-actualidad","category-nacionales"],"_links":{"self":[{"href":"https:\/\/actualizateiguazu.com\/v3\/wp-json\/wp\/v2\/posts\/35586","targetHints":{"allow":["GET"]}}],"collection":[{"href":"https:\/\/actualizateiguazu.com\/v3\/wp-json\/wp\/v2\/posts"}],"about":[{"href":"https:\/\/actualizateiguazu.com\/v3\/wp-json\/wp\/v2\/types\/post"}],"author":[{"embeddable":true,"href":"https:\/\/actualizateiguazu.com\/v3\/wp-json\/wp\/v2\/users\/1"}],"replies":[{"embeddable":true,"href":"https:\/\/actualizateiguazu.com\/v3\/wp-json\/wp\/v2\/comments?post=35586"}],"version-history":[{"count":1,"href":"https:\/\/actualizateiguazu.com\/v3\/wp-json\/wp\/v2\/posts\/35586\/revisions"}],"predecessor-version":[{"id":35588,"href":"https:\/\/actualizateiguazu.com\/v3\/wp-json\/wp\/v2\/posts\/35586\/revisions\/35588"}],"wp:featuredmedia":[{"embeddable":true,"href":"https:\/\/actualizateiguazu.com\/v3\/wp-json\/wp\/v2\/media\/35587"}],"wp:attachment":[{"href":"https:\/\/actualizateiguazu.com\/v3\/wp-json\/wp\/v2\/media?parent=35586"}],"wp:term":[{"taxonomy":"category","embeddable":true,"href":"https:\/\/actualizateiguazu.com\/v3\/wp-json\/wp\/v2\/categories?post=35586"},{"taxonomy":"post_tag","embeddable":true,"href":"https:\/\/actualizateiguazu.com\/v3\/wp-json\/wp\/v2\/tags?post=35586"}],"curies":[{"name":"wp","href":"https:\/\/api.w.org\/{rel}","templated":true}]}}