{"id":36229,"date":"2023-03-30T15:45:42","date_gmt":"2023-03-30T18:45:42","guid":{"rendered":"https:\/\/actualizateiguazu.com\/v3\/?p=36229"},"modified":"2023-03-30T15:45:45","modified_gmt":"2023-03-30T18:45:45","slug":"tras-12-anos-volvio-la-travesia-nautica-en-el-rio-iguazu","status":"publish","type":"post","link":"https:\/\/actualizateiguazu.com\/v3\/2023\/03\/30\/tras-12-anos-volvio-la-travesia-nautica-en-el-rio-iguazu\/","title":{"rendered":"Tras 12 a\u00f1os volvi\u00f3 la traves\u00eda n\u00e1utica en el rio Iguaz\u00fa"},"content":{"rendered":"\n<p>Los d\u00edas 23 y 24 de marzo se realiz\u00f3 la traves\u00eda sobre el r\u00edo Iguaz\u00fa Superior en conmemoraci\u00f3n del D\u00eda de la Memoria, Verdad y Justicia, organizada por Fundaci\u00f3n Parques Nacionales y el Parque Nacional Iguaz\u00fa. La traves\u00eda inici\u00f3 en el camping Yiyo en la localidad de Comandante Andresito, en un recorrido \u00fanico a lo largo del r\u00edo Iguaz\u00fa Superior entre la selva de Brasil y Argentina, finalizando en el ex camping \u00d1and\u00fa ubicado dentro del \u00e1rea Cataratas.<\/p>\n\n\n\n<p>El objetivo fue promover el contacto de las personas con el medioambiente en la selva del Parque Nacional Iguaz\u00fa, valorando los ambientes naturales de las \u00e1reas protegidas. Se trat\u00f3 del primer evento que se realiza luego de 12 a\u00f1os, como prueba piloto para ediciones posteriores. Este a\u00f1o se eligieron estas fechas para conmemorar el D\u00eda de la Memoria por la Verdad y la Justicia.<\/p>\n\n\n\n<figure class=\"wp-block-image size-large\"><img loading=\"lazy\" decoding=\"async\" width=\"1024\" height=\"768\" src=\"https:\/\/actualizateiguazu.com\/v3\/wp-content\/uploads\/2023\/03\/IMG_5689-1024x768.jpg\" alt=\"\" class=\"wp-image-36231\" srcset=\"https:\/\/actualizateiguazu.com\/v3\/wp-content\/uploads\/2023\/03\/IMG_5689-1024x768.jpg 1024w, https:\/\/actualizateiguazu.com\/v3\/wp-content\/uploads\/2023\/03\/IMG_5689-scaled-600x450.jpg 600w, https:\/\/actualizateiguazu.com\/v3\/wp-content\/uploads\/2023\/03\/IMG_5689-300x225.jpg 300w, https:\/\/actualizateiguazu.com\/v3\/wp-content\/uploads\/2023\/03\/IMG_5689-768x576.jpg 768w, https:\/\/actualizateiguazu.com\/v3\/wp-content\/uploads\/2023\/03\/IMG_5689-1536x1152.jpg 1536w, https:\/\/actualizateiguazu.com\/v3\/wp-content\/uploads\/2023\/03\/IMG_5689-2048x1536.jpg 2048w, https:\/\/actualizateiguazu.com\/v3\/wp-content\/uploads\/2023\/03\/IMG_5689-720x540.jpg 720w\" sizes=\"auto, (max-width: 1024px) 100vw, 1024px\" \/><\/figure>\n\n\n\n<p>Al finalizar la traves\u00eda se realiz\u00f3 un acto en el que estuvieron presentes guardaparques y agentes de Parques Nacionales; Prefectura Naval Argentina; Mariana Corral, hija de Manuel Corral (desaparecido en la \u00faltima dictadura militar en el ex-camping Hoppe, dentro del PN Iguaz\u00fa); participantes y organizadores del evento.<\/p>\n\n\n\n<p>Cabe destacar la puesta en funcionamiento nuevamente del destacamento \u201cApep\u00fa\u201d en el Parque Nacional, donde los participantes de la traves\u00eda acamparon la primera noche para continuar el d\u00eda siguiente; y el despliegue operativo conjunto de guardaparques y personal t\u00e9cnico de APN y Prefectura Naval Argentina, que permiti\u00f3 el desarrollo de la actividad bajo estrictas condiciones de seguridad.<\/p>\n","protected":false},"excerpt":{"rendered":"<p>Los d\u00edas 23 y 24 de marzo se realiz\u00f3 la traves\u00eda sobre el r\u00edo Iguaz\u00fa<\/p>\n","protected":false},"author":1,"featured_media":36230,"comment_status":"open","ping_status":"open","sticky":false,"template":"","format":"standard","meta":{"footnotes":""},"categories":[1,223,226],"tags":[],"class_list":["post-36229","post","type-post","status-publish","format-standard","has-post-thumbnail","hentry","category-actualidad","category-deportes","category-locales"],"_links":{"self":[{"href":"https:\/\/actualizateiguazu.com\/v3\/wp-json\/wp\/v2\/posts\/36229","targetHints":{"allow":["GET"]}}],"collection":[{"href":"https:\/\/actualizateiguazu.com\/v3\/wp-json\/wp\/v2\/posts"}],"about":[{"href":"https:\/\/actualizateiguazu.com\/v3\/wp-json\/wp\/v2\/types\/post"}],"author":[{"embeddable":true,"href":"https:\/\/actualizateiguazu.com\/v3\/wp-json\/wp\/v2\/users\/1"}],"replies":[{"embeddable":true,"href":"https:\/\/actualizateiguazu.com\/v3\/wp-json\/wp\/v2\/comments?post=36229"}],"version-history":[{"count":1,"href":"https:\/\/actualizateiguazu.com\/v3\/wp-json\/wp\/v2\/posts\/36229\/revisions"}],"predecessor-version":[{"id":36232,"href":"https:\/\/actualizateiguazu.com\/v3\/wp-json\/wp\/v2\/posts\/36229\/revisions\/36232"}],"wp:featuredmedia":[{"embeddable":true,"href":"https:\/\/actualizateiguazu.com\/v3\/wp-json\/wp\/v2\/media\/36230"}],"wp:attachment":[{"href":"https:\/\/actualizateiguazu.com\/v3\/wp-json\/wp\/v2\/media?parent=36229"}],"wp:term":[{"taxonomy":"category","embeddable":true,"href":"https:\/\/actualizateiguazu.com\/v3\/wp-json\/wp\/v2\/categories?post=36229"},{"taxonomy":"post_tag","embeddable":true,"href":"https:\/\/actualizateiguazu.com\/v3\/wp-json\/wp\/v2\/tags?post=36229"}],"curies":[{"name":"wp","href":"https:\/\/api.w.org\/{rel}","templated":true}]}}