{"id":36264,"date":"2023-04-01T07:52:16","date_gmt":"2023-04-01T10:52:16","guid":{"rendered":"https:\/\/actualizateiguazu.com\/v3\/?p=36264"},"modified":"2023-04-01T07:52:18","modified_gmt":"2023-04-01T10:52:18","slug":"caso-farina-acusado-de-millonaria-estafa-tendra-prision-preventiva","status":"publish","type":"post","link":"https:\/\/actualizateiguazu.com\/v3\/2023\/04\/01\/caso-farina-acusado-de-millonaria-estafa-tendra-prision-preventiva\/","title":{"rendered":"Caso Fari\u00f1a: Acusado de millonaria estafa tendr\u00e1 prisi\u00f3n preventiva"},"content":{"rendered":"\n<p class=\"wp-block-paragraph\">A siete meses de la ola de denuncias que destap\u00f3 el caso y a cuatro de haber sido extraditado desde Madrid tras ser capturado por Interpol, Diego Fari\u00f1a (57), uno de los hermanos acusados de montar una millonaria red de estafa piramidal en Puerto Iguaz\u00fa, fue procesado ayer con prisi\u00f3n preventiva por la Justicia y ser\u00e1 alojado en una c\u00e1rcel misionera.<\/p>\n\n\n\n<p class=\"wp-block-paragraph\">La medida fue firmada por el magistrado Mart\u00edn Brites, titular del Juzgado de Instrucci\u00f3n Tres de Puerto Iguaz\u00fa. En la misma resoluci\u00f3n se dispuso el embargo preventivo de una propiedad del acusado en Buenos Aires, seg\u00fan fuentes oficiales.<\/p>\n\n\n\n<p class=\"wp-block-paragraph\">En su fallo, el juez dispuso que Fari\u00f1a sea procesado por el delito de \u201cestafa, varios hechos\u201d. Por ello, el imputado aguardar\u00e1 que el Servicio Penitenciario Provincial (SPP) informe en que unidad puede ser alojado, mientras avanza el proceso.<\/p>\n\n\n\n<p class=\"wp-block-paragraph\">Seg\u00fan precisaron, hasta el momento el hombre acumula 23 denuncias en su contra y el monto estimado del dinero obtenido mediante sus estafas llegan a la cifra de los 5 millones de d\u00f3lares.<\/p>\n\n\n\n<p class=\"wp-block-paragraph\">El arresto al estafador<\/p>\n\n\n\n<p class=\"wp-block-paragraph\">Diego Fari\u00f1a fue detenido el 13 de septiembre del a\u00f1o pasado, cuando miembros de Interpol lo hallaron en un aeropuerto de Madrid y cumplieron con el pedido de captura internacional que pesaba en su contra desde agosto.<\/p>\n\n\n\n<p class=\"wp-block-paragraph\">Una vez detenido en Espa\u00f1a, el juzgado presidido por Brites comenz\u00f3 los tr\u00e1mites de extradici\u00f3n por v\u00eda canciller\u00eda. Seg\u00fan voceros judiciales, el implicado acept\u00f3 en ese momento someterse al proceso de manera voluntaria.<\/p>\n\n\n\n<p class=\"wp-block-paragraph\">Situaci\u00f3n que agiliz\u00f3 y aceler\u00f3 su traslado a Misiones para que responda por las acusaciones en su contra.<\/p>\n\n\n\n<p class=\"wp-block-paragraph\">Fuente: El Territorio<\/p>\n","protected":false},"excerpt":{"rendered":"<p>A siete meses de la ola de denuncias que destap\u00f3 el caso y a cuatro<\/p>\n","protected":false},"author":1,"featured_media":36265,"comment_status":"open","ping_status":"open","sticky":false,"template":"","format":"standard","meta":{"footnotes":""},"categories":[1,226],"tags":[],"class_list":["post-36264","post","type-post","status-publish","format-standard","has-post-thumbnail","hentry","category-actualidad","category-locales"],"_links":{"self":[{"href":"https:\/\/actualizateiguazu.com\/v3\/wp-json\/wp\/v2\/posts\/36264","targetHints":{"allow":["GET"]}}],"collection":[{"href":"https:\/\/actualizateiguazu.com\/v3\/wp-json\/wp\/v2\/posts"}],"about":[{"href":"https:\/\/actualizateiguazu.com\/v3\/wp-json\/wp\/v2\/types\/post"}],"author":[{"embeddable":true,"href":"https:\/\/actualizateiguazu.com\/v3\/wp-json\/wp\/v2\/users\/1"}],"replies":[{"embeddable":true,"href":"https:\/\/actualizateiguazu.com\/v3\/wp-json\/wp\/v2\/comments?post=36264"}],"version-history":[{"count":1,"href":"https:\/\/actualizateiguazu.com\/v3\/wp-json\/wp\/v2\/posts\/36264\/revisions"}],"predecessor-version":[{"id":36266,"href":"https:\/\/actualizateiguazu.com\/v3\/wp-json\/wp\/v2\/posts\/36264\/revisions\/36266"}],"wp:featuredmedia":[{"embeddable":true,"href":"https:\/\/actualizateiguazu.com\/v3\/wp-json\/wp\/v2\/media\/36265"}],"wp:attachment":[{"href":"https:\/\/actualizateiguazu.com\/v3\/wp-json\/wp\/v2\/media?parent=36264"}],"wp:term":[{"taxonomy":"category","embeddable":true,"href":"https:\/\/actualizateiguazu.com\/v3\/wp-json\/wp\/v2\/categories?post=36264"},{"taxonomy":"post_tag","embeddable":true,"href":"https:\/\/actualizateiguazu.com\/v3\/wp-json\/wp\/v2\/tags?post=36264"}],"curies":[{"name":"wp","href":"https:\/\/api.w.org\/{rel}","templated":true}]}}