{"id":37955,"date":"2023-06-14T18:55:05","date_gmt":"2023-06-14T21:55:05","guid":{"rendered":"https:\/\/actualizateiguazu.com\/v3\/?p=37955"},"modified":"2023-06-14T18:55:07","modified_gmt":"2023-06-14T21:55:07","slug":"rubrica-digital-prorroga-para-la-regularizacion-de-documentacion-laboral","status":"publish","type":"post","link":"https:\/\/actualizateiguazu.com\/v3\/2023\/06\/14\/rubrica-digital-prorroga-para-la-regularizacion-de-documentacion-laboral\/","title":{"rendered":"R\u00fabrica digital: Pr\u00f3rroga para la regularizaci\u00f3n de documentaci\u00f3n laboral"},"content":{"rendered":"\n<p class=\"wp-block-paragraph\">El Ministerio de Trabajo y Empleo de la Provincia de Misiones prorrog\u00f3 el plazo para regularizar la presentaci\u00f3n de documentaci\u00f3n laboral en forma digital hasta el 31 de diciembre de 2023 sin sanciones. Esto permitir\u00e1 a los empleadores cumplir con la r\u00fabrica de los documentos laborales en formato digital a trav\u00e9s del sitio web&nbsp;<a href=\"https:\/\/rubricadigital.trabajo.misiones.gob.ar\/\" target=\"_blank\" rel=\"noreferrer noopener\">https:\/\/rubricadigital.trabajo.misiones.gob.ar\/<\/a><\/p>\n\n\n\n<p class=\"wp-block-paragraph\">La regularizaci\u00f3n deber\u00e1 realizarse a trav\u00e9s de la Plataforma de R\u00fabrica Digital del Ministerio de Trabajo y Empleo, siguiendo lo establecido en las resoluciones correspondientes y en concordancia con la Ley Nacional N\u00b0 25.506 y sus Decretos Reglamentarios.<\/p>\n\n\n\n<p class=\"wp-block-paragraph\">Una vez finalizado este plazo, a partir del 1 de enero de 2024, se aplicar\u00e1n las sanciones correspondientes establecidas en la legislaci\u00f3n vigente para los casos de incumplimiento.<\/p>\n","protected":false},"excerpt":{"rendered":"<p>El Ministerio de Trabajo y Empleo de la Provincia de Misiones prorrog\u00f3 el plazo para<\/p>\n","protected":false},"author":1,"featured_media":37956,"comment_status":"open","ping_status":"open","sticky":false,"template":"","format":"standard","meta":{"footnotes":""},"categories":[1,229],"tags":[],"class_list":["post-37955","post","type-post","status-publish","format-standard","has-post-thumbnail","hentry","category-actualidad","category-provinciales"],"_links":{"self":[{"href":"https:\/\/actualizateiguazu.com\/v3\/wp-json\/wp\/v2\/posts\/37955","targetHints":{"allow":["GET"]}}],"collection":[{"href":"https:\/\/actualizateiguazu.com\/v3\/wp-json\/wp\/v2\/posts"}],"about":[{"href":"https:\/\/actualizateiguazu.com\/v3\/wp-json\/wp\/v2\/types\/post"}],"author":[{"embeddable":true,"href":"https:\/\/actualizateiguazu.com\/v3\/wp-json\/wp\/v2\/users\/1"}],"replies":[{"embeddable":true,"href":"https:\/\/actualizateiguazu.com\/v3\/wp-json\/wp\/v2\/comments?post=37955"}],"version-history":[{"count":1,"href":"https:\/\/actualizateiguazu.com\/v3\/wp-json\/wp\/v2\/posts\/37955\/revisions"}],"predecessor-version":[{"id":37957,"href":"https:\/\/actualizateiguazu.com\/v3\/wp-json\/wp\/v2\/posts\/37955\/revisions\/37957"}],"wp:featuredmedia":[{"embeddable":true,"href":"https:\/\/actualizateiguazu.com\/v3\/wp-json\/wp\/v2\/media\/37956"}],"wp:attachment":[{"href":"https:\/\/actualizateiguazu.com\/v3\/wp-json\/wp\/v2\/media?parent=37955"}],"wp:term":[{"taxonomy":"category","embeddable":true,"href":"https:\/\/actualizateiguazu.com\/v3\/wp-json\/wp\/v2\/categories?post=37955"},{"taxonomy":"post_tag","embeddable":true,"href":"https:\/\/actualizateiguazu.com\/v3\/wp-json\/wp\/v2\/tags?post=37955"}],"curies":[{"name":"wp","href":"https:\/\/api.w.org\/{rel}","templated":true}]}}