{"id":39832,"date":"2023-09-08T10:51:51","date_gmt":"2023-09-08T13:51:51","guid":{"rendered":"https:\/\/actualizateiguazu.com\/v3\/?p=39832"},"modified":"2023-09-08T10:51:54","modified_gmt":"2023-09-08T13:51:54","slug":"gurises-felices-estuvo-de-fiesta-con-las-infancias-de-villa-cabello","status":"publish","type":"post","link":"https:\/\/actualizateiguazu.com\/v3\/2023\/09\/08\/gurises-felices-estuvo-de-fiesta-con-las-infancias-de-villa-cabello\/","title":{"rendered":"Gurises Felices estuvo de fiesta con las infancias de Villa Cabello"},"content":{"rendered":"\n<p>Gurises Felices estuvo en Villa Cabello para participar de una jornada ludo-recreativa denominada \u201cLos ni\u00f1os, herederos y custodios de tu legado\u201d, como parte de los festejos por el cincuentenario de la creaci\u00f3n de este barrio, en mayo de 1973. Tuvo como prop\u00f3sito, integrar y agasajar a estudiantes, y poner en valor la obra y legado del fundador del barrio, el padre Juan Markievicz.<\/p>\n\n\n\n<p>El encuentro tuvo lugar en el polideportivo de la Fundaci\u00f3n Villa Cabello, con la presencia de alumnos del NENI 2004 \u201cMundo de colores\u201d, del Instituto Inmaculado Coraz\u00f3n de Mar\u00eda, del Jard\u00edn Maternal Nuestra Se\u00f1ora de Schoenstatt y del Nivel Inicial \u201cVirgen Ni\u00f1a\u201d.<\/p>\n\n\n\n<p>Entre otras tantas actividades programadas para la ocasi\u00f3n, el programa del IPLyC ofreci\u00f3 su fabuloso show, contagiando alegr\u00eda y divirtiendo a grandes y chicos con las ocurrencias y los malabares realizados por el payaso Poca Sopa. Desde un colorido escenario, la m\u00fasica de la banda Suena Sanfona hizo que los presentes se pusieran a cantar y a bailar, acompa\u00f1ados por la \u201cVaca Lola\u201d y la \u201cGallina Turuleca\u201d.\u00a0 Quienes mejor lo hicieron, se llevaron premios y regalos.<\/p>\n","protected":false},"excerpt":{"rendered":"<p>Gurises Felices estuvo en Villa Cabello para participar de una jornada ludo-recreativa denominada \u201cLos ni\u00f1os,<\/p>\n","protected":false},"author":1,"featured_media":39833,"comment_status":"open","ping_status":"open","sticky":false,"template":"","format":"standard","meta":{"footnotes":""},"categories":[1,229],"tags":[],"class_list":["post-39832","post","type-post","status-publish","format-standard","has-post-thumbnail","hentry","category-actualidad","category-provinciales"],"_links":{"self":[{"href":"https:\/\/actualizateiguazu.com\/v3\/wp-json\/wp\/v2\/posts\/39832","targetHints":{"allow":["GET"]}}],"collection":[{"href":"https:\/\/actualizateiguazu.com\/v3\/wp-json\/wp\/v2\/posts"}],"about":[{"href":"https:\/\/actualizateiguazu.com\/v3\/wp-json\/wp\/v2\/types\/post"}],"author":[{"embeddable":true,"href":"https:\/\/actualizateiguazu.com\/v3\/wp-json\/wp\/v2\/users\/1"}],"replies":[{"embeddable":true,"href":"https:\/\/actualizateiguazu.com\/v3\/wp-json\/wp\/v2\/comments?post=39832"}],"version-history":[{"count":1,"href":"https:\/\/actualizateiguazu.com\/v3\/wp-json\/wp\/v2\/posts\/39832\/revisions"}],"predecessor-version":[{"id":39834,"href":"https:\/\/actualizateiguazu.com\/v3\/wp-json\/wp\/v2\/posts\/39832\/revisions\/39834"}],"wp:featuredmedia":[{"embeddable":true,"href":"https:\/\/actualizateiguazu.com\/v3\/wp-json\/wp\/v2\/media\/39833"}],"wp:attachment":[{"href":"https:\/\/actualizateiguazu.com\/v3\/wp-json\/wp\/v2\/media?parent=39832"}],"wp:term":[{"taxonomy":"category","embeddable":true,"href":"https:\/\/actualizateiguazu.com\/v3\/wp-json\/wp\/v2\/categories?post=39832"},{"taxonomy":"post_tag","embeddable":true,"href":"https:\/\/actualizateiguazu.com\/v3\/wp-json\/wp\/v2\/tags?post=39832"}],"curies":[{"name":"wp","href":"https:\/\/api.w.org\/{rel}","templated":true}]}}