{"id":39854,"date":"2023-09-08T15:00:55","date_gmt":"2023-09-08T18:00:55","guid":{"rendered":"https:\/\/actualizateiguazu.com\/v3\/?p=39854"},"modified":"2023-09-08T15:00:56","modified_gmt":"2023-09-08T18:00:56","slug":"la-triple-frontera-se-une-para-concientizar-sobre-el-suicidio-este-domingo","status":"publish","type":"post","link":"https:\/\/actualizateiguazu.com\/v3\/2023\/09\/08\/la-triple-frontera-se-une-para-concientizar-sobre-el-suicidio-este-domingo\/","title":{"rendered":"La triple frontera se une para concientizar sobre el suicidio este domingo"},"content":{"rendered":"\n<p>Septiembre Amarillo es una campa\u00f1a de la Organizaci\u00f3n Mundial de la Salud, que est\u00e1 vinculada al mes, semana y D\u00eda Mundial para la Prevenci\u00f3n del Suicidio. Las estad\u00edsticas indican que el suicidio es la segunda causa principal de defunci\u00f3n en los j\u00f3venes de 15 a 29 a\u00f1os. En Puerto Iguaz\u00fa esta semana se registraron dos hechos. Ante esta alarmante situaci\u00f3n la triple frontera se une para concientizar sobre la problem\u00e1tica con actividades en los hitos de cada pa\u00eds.<\/p>\n\n\n\n<p>La actividad es organizada por el Grupo Cuidate Iguaz\u00fa, la convocatoria est\u00e1 prevista para este domingo 10 \u201cD\u00eda mundial de la prevenci\u00f3n del suicidio\u201d, en el Hito de la Tres Fronteras a las 9 de la ma\u00f1ana. Invitan a toda la comunidad a asistir al lugar vestidos de amarillo ya se una remera, una cinta, una campera, gorro, algo del color con el que se identifica la ma\u00f1ana mundial.<\/p>\n\n\n\n<p>\u201cSeamos parte de una movida con m\u00fasica y gym, que se realizar\u00e1 al mismo tiempo en los 3 pa\u00edses \u2013 Puerto Iguaz\u00fa, Argentina, Foz do Iguaz\u00fa, Brasil y Presidente Franco Paraguay. Una acci\u00f3n en espejo que se filmar\u00e1 con drone, visualicemos la lucha. Seamos muchos, mostremos que nadie est\u00e1 solo\u201d remarcaron desde Cu\u00eddate Iguaz\u00fa.<\/p>\n\n\n\n<figure class=\"wp-block-image size-large\"><img loading=\"lazy\" decoding=\"async\" width=\"1024\" height=\"576\" src=\"https:\/\/actualizateiguazu.com\/v3\/wp-content\/uploads\/2023\/09\/IMG_20230402_183129174-1024x576.jpg\" alt=\"\" class=\"wp-image-39855\" srcset=\"https:\/\/actualizateiguazu.com\/v3\/wp-content\/uploads\/2023\/09\/IMG_20230402_183129174-1024x576.jpg 1024w, https:\/\/actualizateiguazu.com\/v3\/wp-content\/uploads\/2023\/09\/IMG_20230402_183129174-scaled-600x338.jpg 600w, https:\/\/actualizateiguazu.com\/v3\/wp-content\/uploads\/2023\/09\/IMG_20230402_183129174-300x169.jpg 300w, https:\/\/actualizateiguazu.com\/v3\/wp-content\/uploads\/2023\/09\/IMG_20230402_183129174-768x432.jpg 768w, https:\/\/actualizateiguazu.com\/v3\/wp-content\/uploads\/2023\/09\/IMG_20230402_183129174-1536x864.jpg 1536w, https:\/\/actualizateiguazu.com\/v3\/wp-content\/uploads\/2023\/09\/IMG_20230402_183129174-2048x1152.jpg 2048w, https:\/\/actualizateiguazu.com\/v3\/wp-content\/uploads\/2023\/09\/IMG_20230402_183129174-800x450.jpg 800w\" sizes=\"auto, (max-width: 1024px) 100vw, 1024px\" \/><\/figure>\n\n\n\n<p>adem\u00e1s, el mi\u00e9rcoles 13 a las 10hs en el Sal\u00f3n de Usos Multiples del ITUREM se dictar\u00e1 una charla \u201cHablemos de suicidio, hablar es la mejor soluci\u00f3n\u201d, con el objetivo de mostar que se puede prevenir \u201cpodemos estar, podemos escuchar, podemos identificar y ser parte de la ayuda que necesitan. Estemos, demos el presente\u201d<\/p>\n\n\n\n<p>Por su parte desde la direcci\u00f3n de Conductas Adictivas de la municipalidad de Puerto Iguaz\u00fa indicaron que el Centro Municipal de Contenci\u00f3n Terap\u00e9utico de Adicciones est\u00e1 a disposici\u00f3n con su equipo de profesionales para brindar contenci\u00f3n y confidencialidad, acompa\u00f1ando a personas que transitan un momento dif\u00edcil. El centro est\u00e1 ubicado en av. Ant\u00e1rtida Argentina 563 (Barrio Santa Rosa) de lunes a viernes de 07:30 a 12:00 hs.<\/p>\n","protected":false},"excerpt":{"rendered":"<p>Septiembre Amarillo es una campa\u00f1a de la Organizaci\u00f3n Mundial de la Salud, que est\u00e1 vinculada<\/p>\n","protected":false},"author":1,"featured_media":39856,"comment_status":"open","ping_status":"open","sticky":false,"template":"","format":"standard","meta":{"footnotes":""},"categories":[1,226],"tags":[],"class_list":["post-39854","post","type-post","status-publish","format-standard","has-post-thumbnail","hentry","category-actualidad","category-locales"],"_links":{"self":[{"href":"https:\/\/actualizateiguazu.com\/v3\/wp-json\/wp\/v2\/posts\/39854","targetHints":{"allow":["GET"]}}],"collection":[{"href":"https:\/\/actualizateiguazu.com\/v3\/wp-json\/wp\/v2\/posts"}],"about":[{"href":"https:\/\/actualizateiguazu.com\/v3\/wp-json\/wp\/v2\/types\/post"}],"author":[{"embeddable":true,"href":"https:\/\/actualizateiguazu.com\/v3\/wp-json\/wp\/v2\/users\/1"}],"replies":[{"embeddable":true,"href":"https:\/\/actualizateiguazu.com\/v3\/wp-json\/wp\/v2\/comments?post=39854"}],"version-history":[{"count":1,"href":"https:\/\/actualizateiguazu.com\/v3\/wp-json\/wp\/v2\/posts\/39854\/revisions"}],"predecessor-version":[{"id":39857,"href":"https:\/\/actualizateiguazu.com\/v3\/wp-json\/wp\/v2\/posts\/39854\/revisions\/39857"}],"wp:featuredmedia":[{"embeddable":true,"href":"https:\/\/actualizateiguazu.com\/v3\/wp-json\/wp\/v2\/media\/39856"}],"wp:attachment":[{"href":"https:\/\/actualizateiguazu.com\/v3\/wp-json\/wp\/v2\/media?parent=39854"}],"wp:term":[{"taxonomy":"category","embeddable":true,"href":"https:\/\/actualizateiguazu.com\/v3\/wp-json\/wp\/v2\/categories?post=39854"},{"taxonomy":"post_tag","embeddable":true,"href":"https:\/\/actualizateiguazu.com\/v3\/wp-json\/wp\/v2\/tags?post=39854"}],"curies":[{"name":"wp","href":"https:\/\/api.w.org\/{rel}","templated":true}]}}