{"id":40184,"date":"2023-09-18T19:47:53","date_gmt":"2023-09-18T22:47:53","guid":{"rendered":"https:\/\/actualizateiguazu.com\/v3\/?p=40184"},"modified":"2023-09-18T19:47:54","modified_gmt":"2023-09-18T22:47:54","slug":"takuapi-miri-denuncio-penalmente-a-petrovalle-por-el-desmonte-en-su-territorio","status":"publish","type":"post","link":"https:\/\/actualizateiguazu.com\/v3\/2023\/09\/18\/takuapi-miri-denuncio-penalmente-a-petrovalle-por-el-desmonte-en-su-territorio\/","title":{"rendered":"Takuapi Mir\u0129 denunci\u00f3 penalmente a Petrovalle por el desmonte en su territorio"},"content":{"rendered":"\n<p>Francisco Silva y Dalmacio Ramos, mburuvicha de las Comunidades Takuapi Mir\u0129 y Ychyry, denunciaron penalmente a la empresa Petrovalle por apeo ilegal y da\u00f1o ambiental. All\u00ed explican que las m\u00e1s de 100 hect\u00e1reas destruidas corresponden a \u201cterritorio guaran\u00ed seg\u00fan demarcaci\u00f3n efectuada por el Instituto Nacional de Asuntos Ind\u00edgenas\u201d, raz\u00f3n por la cual no debe hacerse ninguna actividad que afecte a la Comunidad sin realizar la consulta previa, libre e informada.<\/p>\n\n\n\n<p>\u201cTeniendo en cuenta que en t\u00e9rminos jur\u00eddicos estamos frente un territorio ind\u00edgena que ha sido violentado por particulares, se hace indispensable su protecci\u00f3n por parte del Estado\u201d, afirmaron en la denuncia, solicitando la intervenci\u00f3n de la justicia penal correspondiente de acuerdo a la naturaleza de los hechos.<\/p>\n\n\n\n<p>Seguidamente, explicaron que seg\u00fan las reglamentaciones del Convenio 169 de la Organizaci\u00f3n Internacional del Trabajo (OIT), el territorio es no solo sustento de vida sino identidad cultural para los Pueblos Ind\u00edgenas.<\/p>\n\n\n\n<figure class=\"wp-block-image size-full\"><img loading=\"lazy\" decoding=\"async\" width=\"768\" height=\"1024\" src=\"https:\/\/actualizateiguazu.com\/v3\/wp-content\/uploads\/2023\/09\/WhatsApp-Image-2023-09-18-at-12.15.40-PM.jpeg\" alt=\"\" class=\"wp-image-40186\" srcset=\"https:\/\/actualizateiguazu.com\/v3\/wp-content\/uploads\/2023\/09\/WhatsApp-Image-2023-09-18-at-12.15.40-PM.jpeg 768w, https:\/\/actualizateiguazu.com\/v3\/wp-content\/uploads\/2023\/09\/WhatsApp-Image-2023-09-18-at-12.15.40-PM-600x800.jpeg 600w, https:\/\/actualizateiguazu.com\/v3\/wp-content\/uploads\/2023\/09\/WhatsApp-Image-2023-09-18-at-12.15.40-PM-225x300.jpeg 225w, https:\/\/actualizateiguazu.com\/v3\/wp-content\/uploads\/2023\/09\/WhatsApp-Image-2023-09-18-at-12.15.40-PM-450x600.jpeg 450w\" sizes=\"auto, (max-width: 768px) 100vw, 768px\" \/><\/figure>\n\n\n\n<p>\u201cLa p\u00e9rdida de tierras ancestrales amenaza la sobrevivencia misma como Comunidades y Pueblos distintos. Por ello cuando se habla de territorio debe entenderse la totalidad del territorio que emplean, lo que incluye los bosques, r\u00edos, monta\u00f1as y mares costeros, y tanto la superficie como el subsuelo\u201d, argumentaron.<\/p>\n\n\n\n<p>Se han pasado por encima leyes ambientales y reglamentaciones sobre derechos ind\u00edgenas como el Convenio 169 de la OIT, la Ley 26160 de Emergencia Territorial, y la Ley 26331 de Bosques Nativos, entre otras.<\/p>\n\n\n\n<p>Las Comunidades est\u00e1n constituidas por alrededor de 100 familias compuestas en su mayor\u00eda por mujeres y ni\u00f1os. \u201cNuestro sustento principal deriva de los recursos que obtenemos tanto del monte como del arroyo, que adem\u00e1s es la \u00fanica fuente de agua que disponemos\u201d, indicaron.<\/p>\n\n\n\n<p>Cabe recordar que d\u00edas atr\u00e1s el Ministerio de Ecolog\u00eda suspendi\u00f3 el Plan de Uso de Suelo que le hab\u00eda otorgado a la empresa en una superficie de 90 hect\u00e1reas, pero el da\u00f1o es irreversible y hoy corresponde al Poder Judicial garantizar la protecci\u00f3n efectiva del derecho y posesi\u00f3n violentada.<\/p>\n","protected":false},"excerpt":{"rendered":"<p>Francisco Silva y Dalmacio Ramos, mburuvicha de las Comunidades Takuapi Mir\u0129 y Ychyry, denunciaron penalmente<\/p>\n","protected":false},"author":1,"featured_media":40185,"comment_status":"open","ping_status":"open","sticky":false,"template":"","format":"standard","meta":{"footnotes":""},"categories":[1,237,229],"tags":[],"class_list":["post-40184","post","type-post","status-publish","format-standard","has-post-thumbnail","hentry","category-actualidad","category-ecologia","category-provinciales"],"_links":{"self":[{"href":"https:\/\/actualizateiguazu.com\/v3\/wp-json\/wp\/v2\/posts\/40184","targetHints":{"allow":["GET"]}}],"collection":[{"href":"https:\/\/actualizateiguazu.com\/v3\/wp-json\/wp\/v2\/posts"}],"about":[{"href":"https:\/\/actualizateiguazu.com\/v3\/wp-json\/wp\/v2\/types\/post"}],"author":[{"embeddable":true,"href":"https:\/\/actualizateiguazu.com\/v3\/wp-json\/wp\/v2\/users\/1"}],"replies":[{"embeddable":true,"href":"https:\/\/actualizateiguazu.com\/v3\/wp-json\/wp\/v2\/comments?post=40184"}],"version-history":[{"count":1,"href":"https:\/\/actualizateiguazu.com\/v3\/wp-json\/wp\/v2\/posts\/40184\/revisions"}],"predecessor-version":[{"id":40187,"href":"https:\/\/actualizateiguazu.com\/v3\/wp-json\/wp\/v2\/posts\/40184\/revisions\/40187"}],"wp:featuredmedia":[{"embeddable":true,"href":"https:\/\/actualizateiguazu.com\/v3\/wp-json\/wp\/v2\/media\/40185"}],"wp:attachment":[{"href":"https:\/\/actualizateiguazu.com\/v3\/wp-json\/wp\/v2\/media?parent=40184"}],"wp:term":[{"taxonomy":"category","embeddable":true,"href":"https:\/\/actualizateiguazu.com\/v3\/wp-json\/wp\/v2\/categories?post=40184"},{"taxonomy":"post_tag","embeddable":true,"href":"https:\/\/actualizateiguazu.com\/v3\/wp-json\/wp\/v2\/tags?post=40184"}],"curies":[{"name":"wp","href":"https:\/\/api.w.org\/{rel}","templated":true}]}}