{"id":40188,"date":"2023-09-18T21:53:43","date_gmt":"2023-09-19T00:53:43","guid":{"rendered":"https:\/\/actualizateiguazu.com\/v3\/?p=40188"},"modified":"2023-09-18T21:53:56","modified_gmt":"2023-09-19T00:53:56","slug":"pruebas-aprender-sexto-grado-sera-evaluado-en-lengua-y-matematicas-este-martes","status":"publish","type":"post","link":"https:\/\/actualizateiguazu.com\/v3\/2023\/09\/18\/pruebas-aprender-sexto-grado-sera-evaluado-en-lengua-y-matematicas-este-martes\/","title":{"rendered":"Pruebas aprender: sexto grado ser\u00e1 evaluado en lengua y matem\u00e1ticas este martes"},"content":{"rendered":"\n<p>El martes 19 de noviembre, alrededor de 27.000 estudiantes de sexto grado ser\u00e1n evaluados en las \u00e1reas de lengua y matem\u00e1ticas. Los resultados de las pruebas Aprender 2022 en las escuelas primarias de la provincia demostraron una notable mejor\u00eda en el \u00e1rea de lengua y una mejora en matem\u00e1ticas. Las evaluaciones censales funcionan como par\u00e1metro para conocer el desempe\u00f1o de los alumnos de escuelas rurales, urbanas, de gesti\u00f3n privada y de gesti\u00f3n estatal. Este a\u00f1o, los ex\u00e1menes se tomar\u00e1n a alumnos de sexto grado de todo el pa\u00eds de manera simult\u00e1nea.<\/p>\n\n\n\n<p>\u00abSe trata aproximadamente de 27.800 chicos que van a estar participando, son unas 1200 escuelas y algo m\u00e1s de 1800 sextos grados\u00bb, comparti\u00f3 la subsecretaria de Educaci\u00f3n, Rosana \u00abCielo\u00bb Linares. A su vez, confirm\u00f3 que \u00abhay una encuesta complementaria para directores, en la que se plantean cuestiones de trabajo no solo con las \u00e1reas disciplinares que son evaluadas, sino con la ESI (Educaci\u00f3n Sexual Integral) y el uso de las tecnolog\u00edas. Y hay una segunda encuesta complementaria para docentes de sexto grado\u00bb.<\/p>\n\n\n\n<p>Alrededor del 15% de los estudiantes participar\u00e1n de un grupo de muestra donde se incluir\u00e1n preguntas abiertas donde, en vez de seleccionar una alternativa, deber\u00e1n elaborar su respuesta. \u00abDe esta manera\u00bb, comenta la subsecretaria, \u00abhabr\u00e1 m\u00e1s elementos para enriquecer el an\u00e1lisis de su desempe\u00f1o y favorecer una devoluci\u00f3n m\u00e1s completa que refleje mejor los aprendizajes alcanzados por las y los estudiantes\u00bb.<\/p>\n\n\n\n<p>En este marco, cabe destacar que Misiones se encuentra entre las cinco provincias que mayor respuesta dan a las pruebas Aprender, con una participaci\u00f3n del 98%. \u00abEn 2021 tuvimos las evaluaciones en la primaria. Hab\u00edamos avanzado en 2019 y post pandemia volvimos a tener resultados muy parecidos al 2016. El a\u00f1o pasado se hizo una aplicaci\u00f3n muestral para ver c\u00f3mo se recuperaban aprendizajes y volvimos a tener nuestros valores mejorados\u00bb, dijo Cielo.<\/p>\n\n\n\n<p>\u00abLos resultados m\u00e1s sensibles han sido en matem\u00e1ticas siempre\u00bb. Al respecto, detall\u00f3 que se realizaron varias instancias de formaci\u00f3n y capacitaci\u00f3n docente as\u00ed como de fortalecimiento de las trayectorias estudiantiles para potenciar la ense\u00f1anza y el aprendizaje tanto de los contenidos y las capacidades de lengua como de matem\u00e1ticas.<\/p>\n\n\n\n<p>La subsecretaria de Educaci\u00f3n resalt\u00f3 tambi\u00e9n que la intenci\u00f3n de las pruebas Aprender de este a\u00f1o es consolidar la mejora progresiva de los estudiantes del nivel primario, cuyos resultados se conocer\u00e1n a mediados de abril del a\u00f1o que viene debido al extenso tiempo que lleva el procesamiento de datos de todo el pa\u00eds.<\/p>\n","protected":false},"excerpt":{"rendered":"<p>El martes 19 de noviembre, alrededor de 27.000 estudiantes de sexto grado ser\u00e1n evaluados en<\/p>\n","protected":false},"author":1,"featured_media":40189,"comment_status":"open","ping_status":"open","sticky":false,"template":"","format":"standard","meta":{"footnotes":""},"categories":[1,229],"tags":[],"class_list":["post-40188","post","type-post","status-publish","format-standard","has-post-thumbnail","hentry","category-actualidad","category-provinciales"],"_links":{"self":[{"href":"https:\/\/actualizateiguazu.com\/v3\/wp-json\/wp\/v2\/posts\/40188","targetHints":{"allow":["GET"]}}],"collection":[{"href":"https:\/\/actualizateiguazu.com\/v3\/wp-json\/wp\/v2\/posts"}],"about":[{"href":"https:\/\/actualizateiguazu.com\/v3\/wp-json\/wp\/v2\/types\/post"}],"author":[{"embeddable":true,"href":"https:\/\/actualizateiguazu.com\/v3\/wp-json\/wp\/v2\/users\/1"}],"replies":[{"embeddable":true,"href":"https:\/\/actualizateiguazu.com\/v3\/wp-json\/wp\/v2\/comments?post=40188"}],"version-history":[{"count":1,"href":"https:\/\/actualizateiguazu.com\/v3\/wp-json\/wp\/v2\/posts\/40188\/revisions"}],"predecessor-version":[{"id":40190,"href":"https:\/\/actualizateiguazu.com\/v3\/wp-json\/wp\/v2\/posts\/40188\/revisions\/40190"}],"wp:featuredmedia":[{"embeddable":true,"href":"https:\/\/actualizateiguazu.com\/v3\/wp-json\/wp\/v2\/media\/40189"}],"wp:attachment":[{"href":"https:\/\/actualizateiguazu.com\/v3\/wp-json\/wp\/v2\/media?parent=40188"}],"wp:term":[{"taxonomy":"category","embeddable":true,"href":"https:\/\/actualizateiguazu.com\/v3\/wp-json\/wp\/v2\/categories?post=40188"},{"taxonomy":"post_tag","embeddable":true,"href":"https:\/\/actualizateiguazu.com\/v3\/wp-json\/wp\/v2\/tags?post=40188"}],"curies":[{"name":"wp","href":"https:\/\/api.w.org\/{rel}","templated":true}]}}