{"id":40195,"date":"2023-09-19T11:59:44","date_gmt":"2023-09-19T14:59:44","guid":{"rendered":"https:\/\/actualizateiguazu.com\/v3\/?p=40195"},"modified":"2023-09-19T11:59:45","modified_gmt":"2023-09-19T14:59:45","slug":"dictaran-un-taller-sobre-liderazgo-y-la-innovacion-para-jovenes-empresarios","status":"publish","type":"post","link":"https:\/\/actualizateiguazu.com\/v3\/2023\/09\/19\/dictaran-un-taller-sobre-liderazgo-y-la-innovacion-para-jovenes-empresarios\/","title":{"rendered":"Dictaran un taller sobre liderazgo y la innovaci\u00f3n para J\u00f3venes Empresarios"},"content":{"rendered":"\n<p>La Confederaci\u00f3n Empresarial de Misiones brindara un taller con el apoyo de la C\u00e1mara de Comercio de Puerto Iguaz\u00fa para fomentar el liderazgo y la innovaci\u00f3n en el mundo empresarial. Se trata del 5\u00ba taller de Formaci\u00f3n de Dirigentes Empresariales, la actividad re\u00fane a j\u00f3venes empresarios de toda la provincia con el objetivo de prepararlos para asumir roles de liderazgo en sus respectivas c\u00e1maras empresariales y organizaciones. En esta oportunidad la capacitaci\u00f3n tendr\u00e1 lugar el pr\u00f3ximo viernes 22 y s\u00e1bado 23 en la sede de la CCI.<\/p>\n\n\n\n<p>El taller la formaci\u00f3n de futuros lideres empresariales, es organizado por la Comisi\u00f3n Joven de la Confederaci\u00f3n Econ\u00f3mica Misiones y esta recorriendo la provincia con la capacitaci\u00f3n. Las localidades que reciben la capacitaci\u00f3n est\u00e1n asociadas a la CEM. Desde la organizaci\u00f3n esperan contar con la participaci\u00f3n de m\u00e1s de 40 j\u00f3venes empresarios de diversas ciudades. Los requisitos para participar son ser joven empresario\/a de nuestra ciudad de Puerto Iguaz\u00fa y dem\u00e1s municipios, contar con ganas de aprender sobre cooperaci\u00f3n y asociatividad empresarial<\/p>\n\n\n\n<p>El objetivo principal del taller es proporcionar a los participantes las habilidades y conocimientos necesarios para liderar y tomar decisiones estrat\u00e9gicas en sus respectivas c\u00e1maras empresariales. Durante el evento, los asistentes tendr\u00e1n la oportunidad de participar de un taller din\u00e1mico y pr\u00e1ctico a cargo de la especialista Lic. Paula Andrea Fleitas, de la consultora Mas I Consultora Internacional, que est\u00e1 llevando adelante este programa anual. El encuentro se extender\u00e1 durante dos d\u00edas, donde el primer d\u00eda, adem\u00e1s de la capacitaci\u00f3n, se visitar\u00e1 a la Asociaci\u00f3n Comercial de Foz de Iguaz\u00fa (ACIFI)<\/p>\n\n\n\n<p>Caba destacar que en las ediciones anteriores contaron con gran cantidad de participantes, \u201clas tem\u00e1ticas son 100% pr\u00e1cticas y aplicables a la gesti\u00f3n del d\u00eda a d\u00eda de las c\u00e1maras\u201d acot\u00f3 Omar Sosa, joven empresario de nuestra ciudad y uno de los organizadores de \u00e9ste encuentro, quien tambi\u00e9n coment\u00f3 sobre el programa del segundo d\u00eda del encuentro, que estar\u00e1 cargado de sorpresas con visitas a atractivos de nuestra ciudad donde varios empresarios locales han colaborado para que todo se desarrolle de la mejor manera.<\/p>\n","protected":false},"excerpt":{"rendered":"<p>La Confederaci\u00f3n Empresarial de Misiones brindara un taller con el apoyo de la C\u00e1mara de<\/p>\n","protected":false},"author":1,"featured_media":40196,"comment_status":"open","ping_status":"open","sticky":false,"template":"","format":"standard","meta":{"footnotes":""},"categories":[1,226],"tags":[],"class_list":["post-40195","post","type-post","status-publish","format-standard","has-post-thumbnail","hentry","category-actualidad","category-locales"],"_links":{"self":[{"href":"https:\/\/actualizateiguazu.com\/v3\/wp-json\/wp\/v2\/posts\/40195","targetHints":{"allow":["GET"]}}],"collection":[{"href":"https:\/\/actualizateiguazu.com\/v3\/wp-json\/wp\/v2\/posts"}],"about":[{"href":"https:\/\/actualizateiguazu.com\/v3\/wp-json\/wp\/v2\/types\/post"}],"author":[{"embeddable":true,"href":"https:\/\/actualizateiguazu.com\/v3\/wp-json\/wp\/v2\/users\/1"}],"replies":[{"embeddable":true,"href":"https:\/\/actualizateiguazu.com\/v3\/wp-json\/wp\/v2\/comments?post=40195"}],"version-history":[{"count":1,"href":"https:\/\/actualizateiguazu.com\/v3\/wp-json\/wp\/v2\/posts\/40195\/revisions"}],"predecessor-version":[{"id":40197,"href":"https:\/\/actualizateiguazu.com\/v3\/wp-json\/wp\/v2\/posts\/40195\/revisions\/40197"}],"wp:featuredmedia":[{"embeddable":true,"href":"https:\/\/actualizateiguazu.com\/v3\/wp-json\/wp\/v2\/media\/40196"}],"wp:attachment":[{"href":"https:\/\/actualizateiguazu.com\/v3\/wp-json\/wp\/v2\/media?parent=40195"}],"wp:term":[{"taxonomy":"category","embeddable":true,"href":"https:\/\/actualizateiguazu.com\/v3\/wp-json\/wp\/v2\/categories?post=40195"},{"taxonomy":"post_tag","embeddable":true,"href":"https:\/\/actualizateiguazu.com\/v3\/wp-json\/wp\/v2\/tags?post=40195"}],"curies":[{"name":"wp","href":"https:\/\/api.w.org\/{rel}","templated":true}]}}