{"id":40226,"date":"2023-09-19T20:52:03","date_gmt":"2023-09-19T23:52:03","guid":{"rendered":"https:\/\/actualizateiguazu.com\/v3\/?p=40226"},"modified":"2023-09-19T20:52:04","modified_gmt":"2023-09-19T23:52:04","slug":"esta-abierta-la-inscripcion-para-la-carrera-de-la-calle-fiesta-nacional-de-la-orquidea-en-montecarlo","status":"publish","type":"post","link":"https:\/\/actualizateiguazu.com\/v3\/2023\/09\/19\/esta-abierta-la-inscripcion-para-la-carrera-de-la-calle-fiesta-nacional-de-la-orquidea-en-montecarlo\/","title":{"rendered":"Est\u00e1 abierta la inscripci\u00f3n para la carrera de la calle \u00abFiesta Nacional de la Orqu\u00eddea\u00bb en Montecarlo."},"content":{"rendered":"\n<p>Esta emocionante carrera, que se llevar\u00e1 a cabo el 14 de octubre, promete ser una experiencia inolvidable para todos los participantes. Con diferentes categor\u00edas y distancias, desde 5k hasta 10k, hay opciones para corredores de todos los niveles y edades. Cabe destacar que la competencia se vuelve a realizar tras 5 a\u00f1os.<\/p>\n\n\n\n<p>Para inscribirse deben ingresar al siguiente enlace <a href=\"https:\/\/forms.gle\/D6mSwcXG75wgb2Hd7\">https:\/\/forms.gle\/D6mSwcXG75wgb2Hd7<\/a> . All\u00ed encontrar\u00e1n toda la informaci\u00f3n necesaria y podr\u00e1n completar su registro en pocos minutos.<\/p>\n\n\n\n<figure class=\"wp-block-image size-large\"><img loading=\"lazy\" decoding=\"async\" width=\"1024\" height=\"1024\" src=\"https:\/\/actualizateiguazu.com\/v3\/wp-content\/uploads\/2023\/09\/WhatsApp-Image-2023-09-19-at-8.42.27-PM-1024x1024.jpeg\" alt=\"\" class=\"wp-image-40228\" srcset=\"https:\/\/actualizateiguazu.com\/v3\/wp-content\/uploads\/2023\/09\/WhatsApp-Image-2023-09-19-at-8.42.27-PM-1024x1024.jpeg 1024w, https:\/\/actualizateiguazu.com\/v3\/wp-content\/uploads\/2023\/09\/WhatsApp-Image-2023-09-19-at-8.42.27-PM-300x300.jpeg 300w, https:\/\/actualizateiguazu.com\/v3\/wp-content\/uploads\/2023\/09\/WhatsApp-Image-2023-09-19-at-8.42.27-PM-100x100.jpeg 100w, https:\/\/actualizateiguazu.com\/v3\/wp-content\/uploads\/2023\/09\/WhatsApp-Image-2023-09-19-at-8.42.27-PM-600x600.jpeg 600w, https:\/\/actualizateiguazu.com\/v3\/wp-content\/uploads\/2023\/09\/WhatsApp-Image-2023-09-19-at-8.42.27-PM-150x150.jpeg 150w, https:\/\/actualizateiguazu.com\/v3\/wp-content\/uploads\/2023\/09\/WhatsApp-Image-2023-09-19-at-8.42.27-PM-768x768.jpeg 768w, https:\/\/actualizateiguazu.com\/v3\/wp-content\/uploads\/2023\/09\/WhatsApp-Image-2023-09-19-at-8.42.27-PM.jpeg 1080w\" sizes=\"auto, (max-width: 1024px) 100vw, 1024px\" \/><\/figure>\n\n\n\n<p>La Prueba Atl\u00e9tica de calle \u00abFiesta Nacional de la Orqu\u00eddea\u00bb es reconocida por su excelente organizaci\u00f3n, hermosos paisajes y la energ\u00eda contagiosa de los espectadores. Adem\u00e1s, se entregar\u00e1n medallas y premios a los mejores corredores de cada categor\u00eda.<\/p>\n\n\n\n<p>Una oportunidad \u00fanica para desafiar l\u00edmites, superar marcas personales y disfrutar de una experiencia deportiva inolvidable en la capital nacional de la Orqu\u00eddea. Para m\u00e1s informaci\u00f3n comunicarse al 3751500243<\/p>\n","protected":false},"excerpt":{"rendered":"<p>Esta emocionante carrera, que se llevar\u00e1 a cabo el 14 de octubre, promete ser una<\/p>\n","protected":false},"author":1,"featured_media":40227,"comment_status":"open","ping_status":"open","sticky":false,"template":"","format":"standard","meta":{"footnotes":""},"categories":[1,223,229],"tags":[],"class_list":["post-40226","post","type-post","status-publish","format-standard","has-post-thumbnail","hentry","category-actualidad","category-deportes","category-provinciales"],"_links":{"self":[{"href":"https:\/\/actualizateiguazu.com\/v3\/wp-json\/wp\/v2\/posts\/40226","targetHints":{"allow":["GET"]}}],"collection":[{"href":"https:\/\/actualizateiguazu.com\/v3\/wp-json\/wp\/v2\/posts"}],"about":[{"href":"https:\/\/actualizateiguazu.com\/v3\/wp-json\/wp\/v2\/types\/post"}],"author":[{"embeddable":true,"href":"https:\/\/actualizateiguazu.com\/v3\/wp-json\/wp\/v2\/users\/1"}],"replies":[{"embeddable":true,"href":"https:\/\/actualizateiguazu.com\/v3\/wp-json\/wp\/v2\/comments?post=40226"}],"version-history":[{"count":1,"href":"https:\/\/actualizateiguazu.com\/v3\/wp-json\/wp\/v2\/posts\/40226\/revisions"}],"predecessor-version":[{"id":40229,"href":"https:\/\/actualizateiguazu.com\/v3\/wp-json\/wp\/v2\/posts\/40226\/revisions\/40229"}],"wp:featuredmedia":[{"embeddable":true,"href":"https:\/\/actualizateiguazu.com\/v3\/wp-json\/wp\/v2\/media\/40227"}],"wp:attachment":[{"href":"https:\/\/actualizateiguazu.com\/v3\/wp-json\/wp\/v2\/media?parent=40226"}],"wp:term":[{"taxonomy":"category","embeddable":true,"href":"https:\/\/actualizateiguazu.com\/v3\/wp-json\/wp\/v2\/categories?post=40226"},{"taxonomy":"post_tag","embeddable":true,"href":"https:\/\/actualizateiguazu.com\/v3\/wp-json\/wp\/v2\/tags?post=40226"}],"curies":[{"name":"wp","href":"https:\/\/api.w.org\/{rel}","templated":true}]}}