{"id":40416,"date":"2023-09-26T16:57:51","date_gmt":"2023-09-26T19:57:51","guid":{"rendered":"https:\/\/actualizateiguazu.com\/v3\/?p=40416"},"modified":"2023-09-26T16:57:52","modified_gmt":"2023-09-26T19:57:52","slug":"la-campana-la-vacunacion-nos-une-se-desarrollara-en-puerto-iguazu","status":"publish","type":"post","link":"https:\/\/actualizateiguazu.com\/v3\/2023\/09\/26\/la-campana-la-vacunacion-nos-une-se-desarrollara-en-puerto-iguazu\/","title":{"rendered":"La campa\u00f1a \u201cLa vacunaci\u00f3n nos une\u201d se desarrollar\u00e1 en Puerto Iguaz\u00fa"},"content":{"rendered":"\n<p>Bajo el lema \u201cLa vacunaci\u00f3n nos une\u201d, se desarrollar\u00e1 del 2 al 11 de octubre la Semana de puesta al d\u00eda del calendario de vacunas en ciudades fronterizas del Mercosur. Argentina estar\u00e1 representada por las ciudades de Puerto Iguaz\u00fa en la provincia y Concordia Entre R\u00edos, en la acci\u00f3n \u201cPromoviendo Fronteras Saludables y Seguras del Mercosur\u201d organizada por la OPS y pa\u00edses del Mercosur.<\/p>\n\n\n\n<p>Misiones por su ubicaci\u00f3n geogr\u00e1fica trabajar\u00e1 en forma simult\u00e1nea con &#8211; Foz do Igua\u00e7u (Brasil) y Ciudad del Este (Paraguay), se desarrollar\u00e1n diferentes estrategias para garantizar el acceso a la vacunaci\u00f3n de las personas que tengan el esquema incompleto de vacunaci\u00f3n contra con especial \u00e9nfasis en Sarampi\u00f3n, Poliomielitis y Fiebre Amarilla<\/p>\n\n\n\n<p>\u201cApuntamos a proteger a la poblaci\u00f3n con el foco puesto en las enfermedades en eliminaci\u00f3n como lo son la rubeola, sarampi\u00f3n, poliomielitis y paperas. En cuando a Fiebre Amarilla se apuntar\u00e1 a adultos j\u00f3venes susceptibles que desarrollan una actividad de riesgo (trabajadores\/as rurales, parques nacionales, fuerzas de seguridad, entre otros)\u201d, coment\u00f3 el jefe de Inmunizaciones del Ministerio de Salud P\u00fablica de Misiones, Enfermero Roberto Lima.<\/p>\n\n\n\n<p>Es importante remarcar que toda persona residente en Misiones, mayor de 12 meses de edad, que no haya sido vacunada contra la fiebre amarilla, seg\u00fan lo establecido por el Calendario Nacional de Vacunaci\u00f3n, y no presente contraindicaciones para hacerlo, deber\u00e1 recibir una dosis de vacuna antiamar\u00edlica.<\/p>\n\n\n\n<p>\u00bfQu\u00e9 previenen estas vacunas?<\/p>\n\n\n\n<p>&#8211; La vacuna triple viral previene el sarampi\u00f3n, la rub\u00e9ola y las paperas.<\/p>\n\n\n\n<p>&#8211; La vacuna IPV previene la poliomielitis tipo 1, 2 y 3<\/p>\n\n\n\n<p>&#8211; La vacuna contra la Fiebre Amarilla previene la FA<\/p>\n\n\n\n<p>\u00bfPara qu\u00e9 se realizan estas acciones?<\/p>\n\n\n\n<p>Para sostener coberturas optimas de vacunaci\u00f3n y eliminaci\u00f3n del sarampi\u00f3n, rub\u00e9ola, s\u00edndrome de rub\u00e9ola cong\u00e9nita y poliomielitis; y controlar las paperas. La principal medida de prevenci\u00f3n contra la fiebre amarilla es la vacunaci\u00f3n. La vacuna es segura y asequible, y proporciona una inmunidad efectiva para toda la vida contra la enfermedad en nuestras fronteras. Deben recibir la vacuna quienes no presenten contraindicaciones o precauciones m\u00e1s info en:<\/p>\n\n\n\n<figure class=\"wp-block-embed\"><div class=\"wp-block-embed__wrapper\">\nhttps:\/\/www.argentina.gob.ar\/salud\/fiebreamarilla\/vacuna\n<\/div><\/figure>\n","protected":false},"excerpt":{"rendered":"<p>Bajo el lema \u201cLa vacunaci\u00f3n nos une\u201d, se desarrollar\u00e1 del 2 al 11 de octubre<\/p>\n","protected":false},"author":1,"featured_media":40417,"comment_status":"open","ping_status":"open","sticky":false,"template":"","format":"standard","meta":{"footnotes":""},"categories":[1,226,231],"tags":[],"class_list":["post-40416","post","type-post","status-publish","format-standard","has-post-thumbnail","hentry","category-actualidad","category-locales","category-salud"],"_links":{"self":[{"href":"https:\/\/actualizateiguazu.com\/v3\/wp-json\/wp\/v2\/posts\/40416","targetHints":{"allow":["GET"]}}],"collection":[{"href":"https:\/\/actualizateiguazu.com\/v3\/wp-json\/wp\/v2\/posts"}],"about":[{"href":"https:\/\/actualizateiguazu.com\/v3\/wp-json\/wp\/v2\/types\/post"}],"author":[{"embeddable":true,"href":"https:\/\/actualizateiguazu.com\/v3\/wp-json\/wp\/v2\/users\/1"}],"replies":[{"embeddable":true,"href":"https:\/\/actualizateiguazu.com\/v3\/wp-json\/wp\/v2\/comments?post=40416"}],"version-history":[{"count":1,"href":"https:\/\/actualizateiguazu.com\/v3\/wp-json\/wp\/v2\/posts\/40416\/revisions"}],"predecessor-version":[{"id":40418,"href":"https:\/\/actualizateiguazu.com\/v3\/wp-json\/wp\/v2\/posts\/40416\/revisions\/40418"}],"wp:featuredmedia":[{"embeddable":true,"href":"https:\/\/actualizateiguazu.com\/v3\/wp-json\/wp\/v2\/media\/40417"}],"wp:attachment":[{"href":"https:\/\/actualizateiguazu.com\/v3\/wp-json\/wp\/v2\/media?parent=40416"}],"wp:term":[{"taxonomy":"category","embeddable":true,"href":"https:\/\/actualizateiguazu.com\/v3\/wp-json\/wp\/v2\/categories?post=40416"},{"taxonomy":"post_tag","embeddable":true,"href":"https:\/\/actualizateiguazu.com\/v3\/wp-json\/wp\/v2\/tags?post=40416"}],"curies":[{"name":"wp","href":"https:\/\/api.w.org\/{rel}","templated":true}]}}