{"id":40425,"date":"2023-09-26T21:19:24","date_gmt":"2023-09-27T00:19:24","guid":{"rendered":"https:\/\/actualizateiguazu.com\/v3\/?p=40425"},"modified":"2023-09-26T21:19:24","modified_gmt":"2023-09-27T00:19:24","slug":"desde-el-miercoles-a-las-14hs-se-podran-inscribir-para-recibir-el-bono-los-trabajadores-informales","status":"publish","type":"post","link":"https:\/\/actualizateiguazu.com\/v3\/2023\/09\/26\/desde-el-miercoles-a-las-14hs-se-podran-inscribir-para-recibir-el-bono-los-trabajadores-informales\/","title":{"rendered":"Desde el mi\u00e9rcoles a las 14hs se podr\u00e1n inscribir para recibir el bono los trabajadores informales"},"content":{"rendered":"\n<p>Esta tarde el ministro de Econom\u00eda de la Naci\u00f3n Sergio Massa y la titular del Anses anunciaron el nuevo IFE, se trata de un refuerzo econ\u00f3mico por el valor de $47.000 para trabajadores informales, estos recibir\u00e1n el bono en los meses de octubre y noviembre. Se podr\u00e1n inscribir en el sitio web de Anses partir de ma\u00f1ana a las 14hs.<\/p>\n\n\n\n<p>El ministro de Econom\u00eda, Sergio Massa, y la directora ejecutiva de Anses, Fernanda Raverta, anunciaron hoy el pago de un bono de $47.000 en octubre y en noviembre para trabajadores informales de entre 18 y 64 a\u00f1os, que no cuentan con ingresos registrados ni perciben asistencia econ\u00f3mica del Estado, como la Asignaci\u00f3n Universal por Hijo (AUH), las becas Progresar o el Potenciar Trabajo.<\/p>\n\n\n\n<p>La inscripci\u00f3n para este beneficio, que alcanza a todos aquellos trabajadores informales que no cobran ning\u00fan otro beneficio de Anses, se podr\u00e1 tramitar desde la web del organismo, desde este mi\u00e9rcoles a las 14. Es necesario contar con una cuenta banacaria, y un CBU. De no contar con esto, se podr\u00e1n presentar en las oficinas de Anses para ser asesorados y as\u00ed acceder al beneficio.<\/p>\n\n\n\n<p>Para equilibrar las cuentas de las arcas del Estado, ante esta ayuda, Sergio Massa inform\u00f3 que se cobrar\u00e1 un adelanto de ganancias extras a sectores que obtuvieron ganancias extraordinarias, como para bancos, compa\u00f1ias financieras y compa\u00f1ias de seguros, que en los pr\u00f3ximos d\u00edas ser\u00e1n notificados.<\/p>\n\n\n\n<p>La inscripci\u00f3n estar\u00e1 disponible a partir de ma\u00f1ana mi\u00e9rcoles 27 de septiembre a las 14 horas y permanecer\u00e1 abierta durante todo el mes de octubre. La misma se podr\u00e1 realizar exclusivamente a trav\u00e9s de la web del organismo www.anses.gob.ar o de la aplicaci\u00f3n Mi ANSES, todos los d\u00edas de 14 a 22 horas.<\/p>\n\n\n\n<p>Para acceder a este refuerzo, las personas no deber\u00e1n tener:<\/p>\n\n\n\n<ul class=\"wp-block-list\">\n<li>Trabajo registrado (relaci\u00f3n de dependencia, aut\u00f3nomos, monotributo, monotributo social y casas particulares).<\/li>\n\n\n\n<li>Jubilaci\u00f3n o pensi\u00f3n.<\/li>\n\n\n\n<li>AUH, AUE, Asignaciones familiares o Progresar. \u00e2\u2014\u008f Planes sociales (por ejemplo, Potenciar Trabajo).<\/li>\n\n\n\n<li>Prestaci\u00f3n por desempleo.<\/li>\n\n\n\n<li>Asimismo, ANSES realizar\u00e1 una evaluaci\u00f3n socioecon\u00f3mica y patrimonial (consumo, bienes, cobertura de salud, etc.) de los solicitantes.<\/li>\n<\/ul>\n","protected":false},"excerpt":{"rendered":"<p>Esta tarde el ministro de Econom\u00eda de la Naci\u00f3n Sergio Massa y la titular del<\/p>\n","protected":false},"author":1,"featured_media":40426,"comment_status":"open","ping_status":"open","sticky":false,"template":"","format":"standard","meta":{"footnotes":""},"categories":[1,227],"tags":[],"class_list":["post-40425","post","type-post","status-publish","format-standard","has-post-thumbnail","hentry","category-actualidad","category-nacionales"],"_links":{"self":[{"href":"https:\/\/actualizateiguazu.com\/v3\/wp-json\/wp\/v2\/posts\/40425","targetHints":{"allow":["GET"]}}],"collection":[{"href":"https:\/\/actualizateiguazu.com\/v3\/wp-json\/wp\/v2\/posts"}],"about":[{"href":"https:\/\/actualizateiguazu.com\/v3\/wp-json\/wp\/v2\/types\/post"}],"author":[{"embeddable":true,"href":"https:\/\/actualizateiguazu.com\/v3\/wp-json\/wp\/v2\/users\/1"}],"replies":[{"embeddable":true,"href":"https:\/\/actualizateiguazu.com\/v3\/wp-json\/wp\/v2\/comments?post=40425"}],"version-history":[{"count":1,"href":"https:\/\/actualizateiguazu.com\/v3\/wp-json\/wp\/v2\/posts\/40425\/revisions"}],"predecessor-version":[{"id":40427,"href":"https:\/\/actualizateiguazu.com\/v3\/wp-json\/wp\/v2\/posts\/40425\/revisions\/40427"}],"wp:featuredmedia":[{"embeddable":true,"href":"https:\/\/actualizateiguazu.com\/v3\/wp-json\/wp\/v2\/media\/40426"}],"wp:attachment":[{"href":"https:\/\/actualizateiguazu.com\/v3\/wp-json\/wp\/v2\/media?parent=40425"}],"wp:term":[{"taxonomy":"category","embeddable":true,"href":"https:\/\/actualizateiguazu.com\/v3\/wp-json\/wp\/v2\/categories?post=40425"},{"taxonomy":"post_tag","embeddable":true,"href":"https:\/\/actualizateiguazu.com\/v3\/wp-json\/wp\/v2\/tags?post=40425"}],"curies":[{"name":"wp","href":"https:\/\/api.w.org\/{rel}","templated":true}]}}