{"id":40436,"date":"2023-09-27T12:12:06","date_gmt":"2023-09-27T15:12:06","guid":{"rendered":"https:\/\/actualizateiguazu.com\/v3\/?p=40436"},"modified":"2023-09-27T12:12:06","modified_gmt":"2023-09-27T15:12:06","slug":"la-primavera-se-hizo-sentir-en-el-cenemi-de-obera","status":"publish","type":"post","link":"https:\/\/actualizateiguazu.com\/v3\/2023\/09\/27\/la-primavera-se-hizo-sentir-en-el-cenemi-de-obera\/","title":{"rendered":"La primavera se hizo sentir en el CENEMI de Ober\u00e1"},"content":{"rendered":"\n<p>Gurises Felices estuvo en el CENEMI de la ciudad de Ober\u00e1 y festej\u00f3 la llegada de la primavera junto a los chicos del Centro de D\u00eda de Atenci\u00f3n a la Discapacidad.<\/p>\n\n\n\n<p>M\u00e1s de 60 integrantes de este espacio, provenientes de distintos municipios de la Zona Centro, participaron de las actividades junto al equipo del IPLyC, acompa\u00f1ados siempre por sus profesores de educaci\u00f3n especial.<\/p>\n\n\n\n<figure class=\"wp-block-image size-large\"><img loading=\"lazy\" decoding=\"async\" width=\"1024\" height=\"683\" src=\"https:\/\/actualizateiguazu.com\/v3\/wp-content\/uploads\/2023\/09\/Gurises-Cenemi-sep-2023-1024x683.jpeg\" alt=\"\" class=\"wp-image-40438\" srcset=\"https:\/\/actualizateiguazu.com\/v3\/wp-content\/uploads\/2023\/09\/Gurises-Cenemi-sep-2023-1024x683.jpeg 1024w, https:\/\/actualizateiguazu.com\/v3\/wp-content\/uploads\/2023\/09\/Gurises-Cenemi-sep-2023-600x400.jpeg 600w, https:\/\/actualizateiguazu.com\/v3\/wp-content\/uploads\/2023\/09\/Gurises-Cenemi-sep-2023-300x200.jpeg 300w, https:\/\/actualizateiguazu.com\/v3\/wp-content\/uploads\/2023\/09\/Gurises-Cenemi-sep-2023-768x512.jpeg 768w, https:\/\/actualizateiguazu.com\/v3\/wp-content\/uploads\/2023\/09\/Gurises-Cenemi-sep-2023.jpeg 1500w\" sizes=\"auto, (max-width: 1024px) 100vw, 1024px\" \/><\/figure>\n\n\n\n<p>Ataviados con coloridas vinchas y collares, confeccionados en flores, los participantes del turno ma\u00f1ana se divirtieron junto a los payasos Poca Sopa y Tat\u00e1 Po, y desplegaron su creatividad con la m\u00fasica de Suena Sanfona<\/p>\n","protected":false},"excerpt":{"rendered":"<p>Gurises Felices estuvo en el CENEMI de la ciudad de Ober\u00e1 y festej\u00f3 la llegada<\/p>\n","protected":false},"author":1,"featured_media":40437,"comment_status":"open","ping_status":"open","sticky":false,"template":"","format":"standard","meta":{"footnotes":""},"categories":[1,229],"tags":[],"class_list":["post-40436","post","type-post","status-publish","format-standard","has-post-thumbnail","hentry","category-actualidad","category-provinciales"],"_links":{"self":[{"href":"https:\/\/actualizateiguazu.com\/v3\/wp-json\/wp\/v2\/posts\/40436","targetHints":{"allow":["GET"]}}],"collection":[{"href":"https:\/\/actualizateiguazu.com\/v3\/wp-json\/wp\/v2\/posts"}],"about":[{"href":"https:\/\/actualizateiguazu.com\/v3\/wp-json\/wp\/v2\/types\/post"}],"author":[{"embeddable":true,"href":"https:\/\/actualizateiguazu.com\/v3\/wp-json\/wp\/v2\/users\/1"}],"replies":[{"embeddable":true,"href":"https:\/\/actualizateiguazu.com\/v3\/wp-json\/wp\/v2\/comments?post=40436"}],"version-history":[{"count":1,"href":"https:\/\/actualizateiguazu.com\/v3\/wp-json\/wp\/v2\/posts\/40436\/revisions"}],"predecessor-version":[{"id":40439,"href":"https:\/\/actualizateiguazu.com\/v3\/wp-json\/wp\/v2\/posts\/40436\/revisions\/40439"}],"wp:featuredmedia":[{"embeddable":true,"href":"https:\/\/actualizateiguazu.com\/v3\/wp-json\/wp\/v2\/media\/40437"}],"wp:attachment":[{"href":"https:\/\/actualizateiguazu.com\/v3\/wp-json\/wp\/v2\/media?parent=40436"}],"wp:term":[{"taxonomy":"category","embeddable":true,"href":"https:\/\/actualizateiguazu.com\/v3\/wp-json\/wp\/v2\/categories?post=40436"},{"taxonomy":"post_tag","embeddable":true,"href":"https:\/\/actualizateiguazu.com\/v3\/wp-json\/wp\/v2\/tags?post=40436"}],"curies":[{"name":"wp","href":"https:\/\/api.w.org\/{rel}","templated":true}]}}