{"id":40472,"date":"2023-09-28T16:12:04","date_gmt":"2023-09-28T19:12:04","guid":{"rendered":"https:\/\/actualizateiguazu.com\/v3\/?p=40472"},"modified":"2023-09-28T16:12:05","modified_gmt":"2023-09-28T19:12:05","slug":"se-acerca-la-fiesta-nacional-de-la-orquidea-y-provincial-de-la-flor","status":"publish","type":"post","link":"https:\/\/actualizateiguazu.com\/v3\/2023\/09\/28\/se-acerca-la-fiesta-nacional-de-la-orquidea-y-provincial-de-la-flor\/","title":{"rendered":"Se acerca la Fiesta Nacional de la Orqu\u00eddea y provincial de la Flor"},"content":{"rendered":"\n<p>Durante la ma\u00f1ana de hoy en la sala de conferencias del Ministerio de Turismo en Posadas, se realiz\u00f3 el lanzamiento de la 32\u00b0 Fiesta Nacional de la Orqu\u00eddea y la 39\u00b0 Fiesta Provincial de la Flor. Este emocionante evento se llevar\u00e1 a cabo en la hermosa ciudad de Montecarlo, del 11 al 16 de octubre.<\/p>\n\n\n\n<p>El lanzamiento cont\u00f3 con la presencia del Ministro de Turismo, Jos\u00e9 Mar\u00eda Arr\u00faa, la Viceintendente de Montecarlo, Kathia Joerg, y Ram\u00f3n Isasi, presidente de la Asociaci\u00f3n Promotora de Turismo y Cultura, entidad organizadora de esta grandiosa fiesta.<br>Adem\u00e1s, fueron presentadas las actuales reinas de la Orqu\u00eddea, Fiorela Held y la Reina Provincial de la Flor, Nadine Espindola, quienes agregar\u00e1n su encanto y gracia a este evento espectacular.<\/p>\n\n\n\n<p>Durante estos d\u00edas, los visitantes tendr\u00e1n la oportunidad de maravillarse con la exquisita variedad de orqu\u00eddeas y una impresionante exhibici\u00f3n de la flora regional. Los senderos del parque se vestir\u00e1n de flores, y los diversos puestos de venta ofrecer\u00e1n orqu\u00eddeas y plantas con flores, as\u00ed como otros productos de inter\u00e9s.<br>La cultura estar\u00e1 en el centro del escenario, con exposiciones culturales y una variedad de atractivos para disfrutar. La gastronom\u00eda regional y los helados artesanales deleitar\u00e1n los paladares de los asistentes.<\/p>\n\n\n\n<p>La programaci\u00f3n de entretenimiento incluir\u00e1 eventos para todas las edades, desde la elecci\u00f3n de las Reinas Nacional de la Orqu\u00eddea y Provincial de la Flor, tardes para los m\u00e1s peque\u00f1os, hasta noches de m\u00fasica en el sal\u00f3n cultural y el escenario interno del parque.<br>Sin embargo, no se detiene all\u00ed; este a\u00f1o se espera una nueva edici\u00f3n de la emocionante prueba atl\u00e9tica de calle, en un parque natural que deslumbrar\u00e1 con flores en cada rinc\u00f3n, brindando a los participantes una experiencia enriquecedora en plena naturaleza.<\/p>\n\n\n\n<p>La 32\u00b0 Fiesta Nacional de la Orqu\u00eddea y la 39\u00b0 Fiesta Provincial de la Flor prometen ser un evento inolvidable, lleno de color, cultura y entretenimiento para toda la familia.<br>Para obtener m\u00e1s informaci\u00f3n y detalles sobre la programaci\u00f3n sigan nuestras redes @fiestadelaorquideamontecarlo.<\/p>\n\n\n\n<p>Las entradas anticipadas tienen un valor de $800 y en puerta, de $1500.<\/p>\n\n\n\n<figure class=\"wp-block-image size-large\"><img loading=\"lazy\" decoding=\"async\" width=\"1024\" height=\"768\" src=\"https:\/\/actualizateiguazu.com\/v3\/wp-content\/uploads\/2023\/09\/Fiesta-de-la-Orquidea-y-de-la-Flor-2-1024x768.jpeg\" alt=\"\" class=\"wp-image-40474\" srcset=\"https:\/\/actualizateiguazu.com\/v3\/wp-content\/uploads\/2023\/09\/Fiesta-de-la-Orquidea-y-de-la-Flor-2-1024x768.jpeg 1024w, https:\/\/actualizateiguazu.com\/v3\/wp-content\/uploads\/2023\/09\/Fiesta-de-la-Orquidea-y-de-la-Flor-2-scaled-600x450.jpeg 600w, https:\/\/actualizateiguazu.com\/v3\/wp-content\/uploads\/2023\/09\/Fiesta-de-la-Orquidea-y-de-la-Flor-2-300x225.jpeg 300w, https:\/\/actualizateiguazu.com\/v3\/wp-content\/uploads\/2023\/09\/Fiesta-de-la-Orquidea-y-de-la-Flor-2-768x576.jpeg 768w, https:\/\/actualizateiguazu.com\/v3\/wp-content\/uploads\/2023\/09\/Fiesta-de-la-Orquidea-y-de-la-Flor-2-1536x1152.jpeg 1536w, https:\/\/actualizateiguazu.com\/v3\/wp-content\/uploads\/2023\/09\/Fiesta-de-la-Orquidea-y-de-la-Flor-2-2048x1536.jpeg 2048w, https:\/\/actualizateiguazu.com\/v3\/wp-content\/uploads\/2023\/09\/Fiesta-de-la-Orquidea-y-de-la-Flor-2-720x540.jpeg 720w\" sizes=\"auto, (max-width: 1024px) 100vw, 1024px\" \/><\/figure>\n\n\n\n<p>Programa:<\/p>\n\n\n\n<p><strong>Mi\u00e9rcoles 11:<\/strong><\/p>\n\n\n\n<p>18 h: Desfile inaugural<\/p>\n\n\n\n<p>19.30 h: Acto de apertura<\/p>\n\n\n\n<p>20.30 h: Banda de m\u00fasica del Servicio Penitenciario.<\/p>\n\n\n\n<p>21 h: Malena Aguirre<\/p>\n\n\n\n<p><strong>Jueves 12:<\/strong><\/p>\n\n\n\n<p>14.30 h: Programa Gurises Felices.<\/p>\n\n\n\n<p>19 h: Escuela de Danzas de Montecarlo.<\/p>\n\n\n\n<p><strong>Viernes 13:<\/strong><\/p>\n\n\n\n<p>20 h: Gran noche popular<\/p>\n\n\n\n<p>El Gur\u00ed Molina<\/p>\n\n\n\n<p>Alan y Che Gurisada<\/p>\n\n\n\n<p>Lira Ver\u00e1<\/p>\n\n\n\n<p>Los Matu\u00e1 Mercede\u00f1os<\/p>\n\n\n\n<p><strong>S\u00e1bado 14<\/strong><\/p>\n\n\n\n<p>17.30 h: 21\u00b0 Prueba Atl\u00e9tica de Calle (5K y 10K)<\/p>\n\n\n\n<p>18 h: M\u00fasica Joven<\/p>\n\n\n\n<p>20 h: Noche de reinas<\/p>\n\n\n\n<p>23 h. Andy Gaona y los \u00c1ngeles de la Kachaka.<\/p>\n\n\n\n<p><strong>Domingo 15:<\/strong><\/p>\n\n\n\n<p>18 h: M\u00fasica joven.<\/p>\n\n\n\n<p>21 h: Pablo y su grupo.<\/p>\n\n\n\n<p>22 h: Los Hermanos Sherer<\/p>\n\n\n\n<p>23 h: Luciano y su grupo<\/p>\n\n\n\n<p><strong>Lunes 16:<\/strong><\/p>\n\n\n\n<p>15 h: Cierre de pabellones<\/p>\n\n\n\n<p>17 h: Cierre del parque<\/p>\n","protected":false},"excerpt":{"rendered":"<p>Durante la ma\u00f1ana de hoy en la sala de conferencias del Ministerio de Turismo en<\/p>\n","protected":false},"author":1,"featured_media":40473,"comment_status":"open","ping_status":"open","sticky":false,"template":"","format":"standard","meta":{"footnotes":""},"categories":[1,229,234],"tags":[],"class_list":["post-40472","post","type-post","status-publish","format-standard","has-post-thumbnail","hentry","category-actualidad","category-provinciales","category-turismo"],"_links":{"self":[{"href":"https:\/\/actualizateiguazu.com\/v3\/wp-json\/wp\/v2\/posts\/40472","targetHints":{"allow":["GET"]}}],"collection":[{"href":"https:\/\/actualizateiguazu.com\/v3\/wp-json\/wp\/v2\/posts"}],"about":[{"href":"https:\/\/actualizateiguazu.com\/v3\/wp-json\/wp\/v2\/types\/post"}],"author":[{"embeddable":true,"href":"https:\/\/actualizateiguazu.com\/v3\/wp-json\/wp\/v2\/users\/1"}],"replies":[{"embeddable":true,"href":"https:\/\/actualizateiguazu.com\/v3\/wp-json\/wp\/v2\/comments?post=40472"}],"version-history":[{"count":1,"href":"https:\/\/actualizateiguazu.com\/v3\/wp-json\/wp\/v2\/posts\/40472\/revisions"}],"predecessor-version":[{"id":40475,"href":"https:\/\/actualizateiguazu.com\/v3\/wp-json\/wp\/v2\/posts\/40472\/revisions\/40475"}],"wp:featuredmedia":[{"embeddable":true,"href":"https:\/\/actualizateiguazu.com\/v3\/wp-json\/wp\/v2\/media\/40473"}],"wp:attachment":[{"href":"https:\/\/actualizateiguazu.com\/v3\/wp-json\/wp\/v2\/media?parent=40472"}],"wp:term":[{"taxonomy":"category","embeddable":true,"href":"https:\/\/actualizateiguazu.com\/v3\/wp-json\/wp\/v2\/categories?post=40472"},{"taxonomy":"post_tag","embeddable":true,"href":"https:\/\/actualizateiguazu.com\/v3\/wp-json\/wp\/v2\/tags?post=40472"}],"curies":[{"name":"wp","href":"https:\/\/api.w.org\/{rel}","templated":true}]}}