{"id":40481,"date":"2023-09-28T18:11:54","date_gmt":"2023-09-28T21:11:54","guid":{"rendered":"https:\/\/actualizateiguazu.com\/v3\/?p=40481"},"modified":"2023-09-28T18:11:56","modified_gmt":"2023-09-28T21:11:56","slug":"el-rally-de-san-vicente-sera-en-homenaje-a-gustavo-grun-y-reuniran-alimentos-para-donar","status":"publish","type":"post","link":"https:\/\/actualizateiguazu.com\/v3\/2023\/09\/28\/el-rally-de-san-vicente-sera-en-homenaje-a-gustavo-grun-y-reuniran-alimentos-para-donar\/","title":{"rendered":"El Rally de San Vicente ser\u00e1 en homenaje a Gustavo Gr\u00fcn y reunir\u00e1n alimentos para donar"},"content":{"rendered":"\n<p>La comisi\u00f3n directiva de la Asociaci\u00f3n Misionera de Pilotos y Navegante de Rally (AMPyNaR) junto con la Federaci\u00f3n Misionera de Automovilismo Deportivo (FeMAD) y el Automotokart San Vicente resolvi\u00f3 que el Gran Premio Yerba Mate Yo La Vi sea homenaje al fallecido piloto Gustavo Gr\u00fcn. Adem\u00e1s, van a juntar donaciones para la Residencia A\u00f1os Dorados de la Capital Nacional de la Madera.<\/p>\n\n\n\n<p>Al igual que se hizo el fin de semana en Ober\u00e1 en el Misionero de Pista y en las Picadas en Posadas, el rally de San Vicente ser\u00e1 en homenaje a Gustavo Gr\u00fcn y todos los autos lucir\u00e1n un calco con el n\u00famero 40 y la leyenda \u2018Por siempre Gustavo\u2019.<\/p>\n\n\n\n<p>Gustavo naci\u00f3 en San Pedro y se crio en Eldorado, era un amante de la velocidad y si bien corr\u00eda en Pista, uno de sus sue\u00f1os era correr un rally como lo hac\u00eda uno de sus \u00eddolos, el eldoradense Rodrigo \u201cPipo\u201d Dur\u00e1n. La idea siempre fue alquilar un auto y correr una fecha con su amigo y compa\u00f1ero de equipo Arnoldo Brandt<\/p>\n\n\n\n<p>Asimismo, anunciaron que reunir\u00e1n donaciones para la Residencia A\u00f1os Dorados de la Capital Nacional de la Madera. Los equipos y el p\u00fablico que se quiera sumar, las donaciones se van a recibir en el sal\u00f3n de eventos del Automotokart durante todo el fin de semana.<\/p>\n\n\n\n<p>La residencia A\u00f1os Dorados se dedica al cuidado de Adultos Mayores en situaci\u00f3n de vulnerabilidad. Se pueden donar Alimentos no perecederos, ropa, entre otros elementos y la recepci\u00f3n se realizar\u00e1 desde el viernes a las 10 en el Automotokart<\/p>\n","protected":false},"excerpt":{"rendered":"<p>La comisi\u00f3n directiva de la Asociaci\u00f3n Misionera de Pilotos y Navegante de Rally (AMPyNaR) junto<\/p>\n","protected":false},"author":1,"featured_media":40482,"comment_status":"open","ping_status":"open","sticky":false,"template":"","format":"standard","meta":{"footnotes":""},"categories":[223],"tags":[],"class_list":["post-40481","post","type-post","status-publish","format-standard","has-post-thumbnail","hentry","category-deportes"],"_links":{"self":[{"href":"https:\/\/actualizateiguazu.com\/v3\/wp-json\/wp\/v2\/posts\/40481","targetHints":{"allow":["GET"]}}],"collection":[{"href":"https:\/\/actualizateiguazu.com\/v3\/wp-json\/wp\/v2\/posts"}],"about":[{"href":"https:\/\/actualizateiguazu.com\/v3\/wp-json\/wp\/v2\/types\/post"}],"author":[{"embeddable":true,"href":"https:\/\/actualizateiguazu.com\/v3\/wp-json\/wp\/v2\/users\/1"}],"replies":[{"embeddable":true,"href":"https:\/\/actualizateiguazu.com\/v3\/wp-json\/wp\/v2\/comments?post=40481"}],"version-history":[{"count":1,"href":"https:\/\/actualizateiguazu.com\/v3\/wp-json\/wp\/v2\/posts\/40481\/revisions"}],"predecessor-version":[{"id":40483,"href":"https:\/\/actualizateiguazu.com\/v3\/wp-json\/wp\/v2\/posts\/40481\/revisions\/40483"}],"wp:featuredmedia":[{"embeddable":true,"href":"https:\/\/actualizateiguazu.com\/v3\/wp-json\/wp\/v2\/media\/40482"}],"wp:attachment":[{"href":"https:\/\/actualizateiguazu.com\/v3\/wp-json\/wp\/v2\/media?parent=40481"}],"wp:term":[{"taxonomy":"category","embeddable":true,"href":"https:\/\/actualizateiguazu.com\/v3\/wp-json\/wp\/v2\/categories?post=40481"},{"taxonomy":"post_tag","embeddable":true,"href":"https:\/\/actualizateiguazu.com\/v3\/wp-json\/wp\/v2\/tags?post=40481"}],"curies":[{"name":"wp","href":"https:\/\/api.w.org\/{rel}","templated":true}]}}