{"id":40509,"date":"2023-09-29T17:25:07","date_gmt":"2023-09-29T20:25:07","guid":{"rendered":"https:\/\/actualizateiguazu.com\/v3\/?p=40509"},"modified":"2023-09-29T17:25:07","modified_gmt":"2023-09-29T20:25:07","slug":"la-ruta-del-diseno-misionero-presente-en-la-fit-2023","status":"publish","type":"post","link":"https:\/\/actualizateiguazu.com\/v3\/2023\/09\/29\/la-ruta-del-diseno-misionero-presente-en-la-fit-2023\/","title":{"rendered":"La Ruta del Dise\u00f1o Misionero, presente en la FIT 2023"},"content":{"rendered":"\n<p>Fashion &amp; Travel ser\u00e1 parte nuevamente del\u00a0reconocido evento tur\u00edstico que se realizar\u00e1 en el predio La Rural, en Buenos Aires. Ante un p\u00fablico de diferentes provincias y pa\u00edses, dise\u00f1adoras misioneras mostrar\u00e1n su arte en pasarela.<\/p>\n\n\n\n<p>En el marco de la Feria Internacional Turismo (FIT), que se desarrollar\u00e1 del 30 de septiembre al 3 de octubre, tendr\u00e1 lugar la cuarta edici\u00f3n de uno de los eventos de la moda m\u00e1s relevantes del pa\u00eds: Fashion &amp; Travel.<\/p>\n\n\n\n<p>Ma\u00f1ana, s\u00e1bado, ser\u00e1 el d\u00eda para que una diversidad de talentos con sus dise\u00f1os inspirados en distintos destinos tur\u00edsticos del pa\u00eds, sean protagonistas de un encuentro entre la industria de la moda y el turismo.<\/p>\n\n\n\n<p>En este marco, la Ruta del Dise\u00f1o Misionero har\u00e1 su participaci\u00f3n con cuatro talentosas dise\u00f1adoras. Una de ellas es la actual Embajadora del Dise\u00f1o Misionero, Mar\u00eda Eugenia Chac\u00f3n, quien represent\u00f3 tambi\u00e9n a la provincia en la \u00faltima edici\u00f3n de Mar del Plata Moda Show con su marca \u201cPide un deseo\u201d; y Silvana Paniagua, recientemente ganadora en el rubro Dise\u00f1ador Emergente, con su marca \u201cSilvana By Oli\u201d, en los premios Iber\u00e1 (NEA y NOA), y representante de la tierra colorada en Pinamar Moda Look 2023.<\/p>\n\n\n\n<p>Tambi\u00e9n participar\u00e1n Lorena Omi\u00f1uka, quien con su marca&nbsp;\u201cUr\u00fa\u201d&nbsp;logr\u00f3 posicionarse entre los nominados en el rubro Dise\u00f1o Urbano de los premios Iber\u00e1, y la artista Lorena Jacob y su marca \u201cLore Arte\u201d, que obtuvo una menci\u00f3n especial en Cataratas Day 2022.<\/p>\n\n\n\n<p>El equipo estar\u00e1 acompa\u00f1ado por la directora del programa Ruta del Dise\u00f1o Misionero, Karyna Gonz\u00e1lez, y el director de la Incubadora de Dise\u00f1o Misionero, Alejandro Uset.<\/p>\n\n\n\n<p>De esta manera, Misiones nuevamente aprovechar\u00e1 la gran vidriera del turismo internacional para mostrar a la moda y sus talentos locales como un atractivo del destino, impulsando la profesionalizaci\u00f3n de dise\u00f1adores emergentes y emprendedores ante la exigente mirada de una industria en constante transformaci\u00f3n.<\/p>\n","protected":false},"excerpt":{"rendered":"<p>Fashion &amp; Travel ser\u00e1 parte nuevamente del\u00a0reconocido evento tur\u00edstico que se realizar\u00e1 en el predio<\/p>\n","protected":false},"author":1,"featured_media":40510,"comment_status":"open","ping_status":"open","sticky":false,"template":"","format":"standard","meta":{"footnotes":""},"categories":[1,229,234],"tags":[],"class_list":["post-40509","post","type-post","status-publish","format-standard","has-post-thumbnail","hentry","category-actualidad","category-provinciales","category-turismo"],"_links":{"self":[{"href":"https:\/\/actualizateiguazu.com\/v3\/wp-json\/wp\/v2\/posts\/40509","targetHints":{"allow":["GET"]}}],"collection":[{"href":"https:\/\/actualizateiguazu.com\/v3\/wp-json\/wp\/v2\/posts"}],"about":[{"href":"https:\/\/actualizateiguazu.com\/v3\/wp-json\/wp\/v2\/types\/post"}],"author":[{"embeddable":true,"href":"https:\/\/actualizateiguazu.com\/v3\/wp-json\/wp\/v2\/users\/1"}],"replies":[{"embeddable":true,"href":"https:\/\/actualizateiguazu.com\/v3\/wp-json\/wp\/v2\/comments?post=40509"}],"version-history":[{"count":1,"href":"https:\/\/actualizateiguazu.com\/v3\/wp-json\/wp\/v2\/posts\/40509\/revisions"}],"predecessor-version":[{"id":40511,"href":"https:\/\/actualizateiguazu.com\/v3\/wp-json\/wp\/v2\/posts\/40509\/revisions\/40511"}],"wp:featuredmedia":[{"embeddable":true,"href":"https:\/\/actualizateiguazu.com\/v3\/wp-json\/wp\/v2\/media\/40510"}],"wp:attachment":[{"href":"https:\/\/actualizateiguazu.com\/v3\/wp-json\/wp\/v2\/media?parent=40509"}],"wp:term":[{"taxonomy":"category","embeddable":true,"href":"https:\/\/actualizateiguazu.com\/v3\/wp-json\/wp\/v2\/categories?post=40509"},{"taxonomy":"post_tag","embeddable":true,"href":"https:\/\/actualizateiguazu.com\/v3\/wp-json\/wp\/v2\/tags?post=40509"}],"curies":[{"name":"wp","href":"https:\/\/api.w.org\/{rel}","templated":true}]}}