{"id":40609,"date":"2023-10-02T20:34:03","date_gmt":"2023-10-02T23:34:03","guid":{"rendered":"https:\/\/actualizateiguazu.com\/v3\/?p=40609"},"modified":"2023-10-02T20:34:03","modified_gmt":"2023-10-02T23:34:03","slug":"iguazuense-fallecio-tras-protagonizar-un-accidente-en-presidente-franco-paraguay","status":"publish","type":"post","link":"https:\/\/actualizateiguazu.com\/v3\/2023\/10\/02\/iguazuense-fallecio-tras-protagonizar-un-accidente-en-presidente-franco-paraguay\/","title":{"rendered":"Iguazuense falleci\u00f3 tras protagonizar un accidente en Presidente Franco, Paraguay"},"content":{"rendered":"\n<p>El siniestro vial se registr\u00f3 esta tarde alrededor de las 16hs, all\u00ed un ciudadano argentino identificado como Daniel Insaurralde de 28 a\u00f1os perdi\u00f3 la vida debido a las heridas, si acompa\u00f1ante una joven de 19 a\u00f1os registra heridas de consideraci\u00f3n en varias partes de su cuerpo. La joven ten\u00eda domicilio en barrio Santa Rosa y estar\u00eda de visita en la casa de su hermano mellizo en Paraguay.<\/p>\n\n\n\n<p>La polic\u00eda del vecino pa\u00eds dio a conocer a trav\u00e9s de un parte de prensa que el choque entre Motociclistas ocurri\u00f3 las 16:00 horas aproximadamente, sobre avenida Bernardino Caballero, a 100 mts aprox. de la escuela de Tres Fronteras de Ciudad Presidente Franco.<\/p>\n\n\n\n<p>All\u00ed colisionaron una motocicleta marca Honda, modelo tornado 250cc, color negro guiado por la v\u00edctima fatal Daniel Osmar Insaulrralde, de 28 a\u00f1os de edad, y llevada de acompa\u00f1ante a de Rosario L. de 19 a\u00f1os de edad, quien sufri\u00f3 lesiones en diferentes partes del cuerpo. El otro veh\u00edculo involucrado es una motocicleta de la marca Kenton, modelo GTR, color rojo, guiado por Elias S, de 17 a\u00f1os de edad, quien sufri\u00f3 fractura en la pierna lado izquierdo.<\/p>\n\n\n\n<p>El equipo de emergencia del 911 logro socorrer con vida al Iguazuense, sin embrago no resisti\u00f3 y arribo al hospital de Presidente Franco sin signos.<\/p>\n","protected":false},"excerpt":{"rendered":"<p>El siniestro vial se registr\u00f3 esta tarde alrededor de las 16hs, all\u00ed un ciudadano argentino<\/p>\n","protected":false},"author":1,"featured_media":40610,"comment_status":"open","ping_status":"open","sticky":false,"template":"","format":"standard","meta":{"footnotes":""},"categories":[1,228,233],"tags":[],"class_list":["post-40609","post","type-post","status-publish","format-standard","has-post-thumbnail","hentry","category-actualidad","category-policiales","category-triple-frontera"],"_links":{"self":[{"href":"https:\/\/actualizateiguazu.com\/v3\/wp-json\/wp\/v2\/posts\/40609","targetHints":{"allow":["GET"]}}],"collection":[{"href":"https:\/\/actualizateiguazu.com\/v3\/wp-json\/wp\/v2\/posts"}],"about":[{"href":"https:\/\/actualizateiguazu.com\/v3\/wp-json\/wp\/v2\/types\/post"}],"author":[{"embeddable":true,"href":"https:\/\/actualizateiguazu.com\/v3\/wp-json\/wp\/v2\/users\/1"}],"replies":[{"embeddable":true,"href":"https:\/\/actualizateiguazu.com\/v3\/wp-json\/wp\/v2\/comments?post=40609"}],"version-history":[{"count":1,"href":"https:\/\/actualizateiguazu.com\/v3\/wp-json\/wp\/v2\/posts\/40609\/revisions"}],"predecessor-version":[{"id":40611,"href":"https:\/\/actualizateiguazu.com\/v3\/wp-json\/wp\/v2\/posts\/40609\/revisions\/40611"}],"wp:featuredmedia":[{"embeddable":true,"href":"https:\/\/actualizateiguazu.com\/v3\/wp-json\/wp\/v2\/media\/40610"}],"wp:attachment":[{"href":"https:\/\/actualizateiguazu.com\/v3\/wp-json\/wp\/v2\/media?parent=40609"}],"wp:term":[{"taxonomy":"category","embeddable":true,"href":"https:\/\/actualizateiguazu.com\/v3\/wp-json\/wp\/v2\/categories?post=40609"},{"taxonomy":"post_tag","embeddable":true,"href":"https:\/\/actualizateiguazu.com\/v3\/wp-json\/wp\/v2\/tags?post=40609"}],"curies":[{"name":"wp","href":"https:\/\/api.w.org\/{rel}","templated":true}]}}