{"id":40634,"date":"2023-10-03T18:01:00","date_gmt":"2023-10-03T21:01:00","guid":{"rendered":"https:\/\/actualizateiguazu.com\/v3\/?p=40634"},"modified":"2023-10-03T18:01:01","modified_gmt":"2023-10-03T21:01:01","slug":"tekoa-miri-padece-la-falta-de-agua-hace-un-mes","status":"publish","type":"post","link":"https:\/\/actualizateiguazu.com\/v3\/2023\/10\/03\/tekoa-miri-padece-la-falta-de-agua-hace-un-mes\/","title":{"rendered":"Tekoa Miri padece la falta de agua hace un mes"},"content":{"rendered":"\n<p>La falta de acceso al agua potable en las Comunidades Mbya que habitan en Misiones no son casos aislados, sino que es un derecho humano que el Gobierno de Misiones y sus organismos no est\u00e1n garantizando en varios puntos de la provincia, denuncian desde EMIPA.<\/p>\n\n\n\n<p>Tekoa Mir\u012b, ubicada en el municipio de Capiov\u00ed, Colonia Oro Verde, carece de este recurso vital desde hace un mes y la preocupaci\u00f3n va en aumento. All\u00ed viven 29 familias, con un total de 148 personas, la mayor\u00eda de ellos ni\u00f1os.<\/p>\n\n\n\n<p>El mburuvicha, Timoteo M\u00e9ndez, present\u00f3 ayer una nota al intendente de la localidad, Alejandro Arnhold, en la que asegur\u00f3 que el territorio en el que habitan y que el intendente conoce, no cuenta con agua para los servicios b\u00e1sicos suficientes que permitan el desarrollo de la Comunidad y una vida digna\u201d.<\/p>\n\n\n\n<p>\u201cSiendo un derecho humano fundamental y una obligaci\u00f3n del Estado, en este caso identificado con este municipio, es que solicitamos se nos provea con urgencia el servicio de agua, un tanque para agua con un m\u00ednimo de 5000 litros y las perforaciones necesarias\u201d, solicit\u00f3.<\/p>\n\n\n\n<p>Seg\u00fan relat\u00f3 el mburuvicha, cada d\u00eda deben caminar hasta tres kil\u00f3metros para conseguir agua limpia, incluso son los mismos ni\u00f1os quienes deben hacerlo. \u201cEsto me duele, ver as\u00ed a los chicos, que van a buscar agua lejos, con bidones, bajo el sol y con calor, es muy fuerte para m\u00ed, muy triste\u201d, lament\u00f3.<\/p>\n\n\n\n<p>Pese a los esfuerzos diarios, lo que consiguen nunca es suficiente, ya que son muchos y ante las altas temperaturas, priorizan la hidrataci\u00f3n de los ni\u00f1os para resguardar su salud. \u201cLos chicos s\u00ed o s\u00ed necesitan tomar agua, los grandes podemos aguantar un poco m\u00e1s. Del r\u00edo no podemos traer porque est\u00e1 contaminado y eso nos perjudica la salud, algunos ya se enfermaron\u201d, dijo.<\/p>\n\n\n\n<p>Por otro lado, coment\u00f3 que esta situaci\u00f3n perjudica tambi\u00e9n al Centro de Atenci\u00f3n Primaria de la Salud (CAPS), y a la escuela, ya que ambos necesitan agua para poder brindar los servicios necesarios. \u201cEn la escuela hay comedor pero se necesita agua, no hay almuerzo si no hay agua, me entristece. Ojal\u00e1 tengamos respuesta favorable lo antes posible\u201d, lament\u00f3 el mburuvicha Timoteo y agreg\u00f3 que hasta el momento \u201cno tenemos noticias del Gobierno de Misiones, Asuntos Guaran\u00edes, ni del municipio\u201d.<\/p>\n\n\n\n<p>La semana pasada, la Comunidad Kokuere\u2019i II, ubicada en San Ignacio, sali\u00f3 a cortar la ruta ante la falta de respuestas por el mismo problema, aunque en su caso carecen del vital elemento desde hace m\u00e1s de 4 a\u00f1os, paliando precariamente su situaci\u00f3n con el acarreo de agua desde una vertiente ubicada a un kil\u00f3metro, o con la ayuda de los bomberos en tiempos de sequ\u00eda. Solo despu\u00e9s de esta medida de fuerza, el intendente los recibi\u00f3 y se comprometi\u00f3 a solucionar el problema.<\/p>\n\n\n\n<p>Tekoa Mir\u012b no se quedar\u00e1 atr\u00e1s y el mburuvicha asegur\u00f3 que, al igual que sus hermanos, \u201csi no se soluciona, vamos a buscar una medida de fuerza\u201d.<\/p>\n\n\n\n<p>El acceso al agua potable es un derecho humano fundamental para una vida digna, para poder comer, beber o higienizarse. Es lamentable que en Misiones haya personas que deban salir a cortar la ruta para pedir algo tan b\u00e1sico que deber\u00edan tener garantizado.<\/p>\n","protected":false},"excerpt":{"rendered":"<p>La falta de acceso al agua potable en las Comunidades Mbya que habitan en Misiones<\/p>\n","protected":false},"author":1,"featured_media":40631,"comment_status":"open","ping_status":"open","sticky":false,"template":"","format":"standard","meta":{"footnotes":""},"categories":[1,229],"tags":[],"class_list":["post-40634","post","type-post","status-publish","format-standard","has-post-thumbnail","hentry","category-actualidad","category-provinciales"],"_links":{"self":[{"href":"https:\/\/actualizateiguazu.com\/v3\/wp-json\/wp\/v2\/posts\/40634","targetHints":{"allow":["GET"]}}],"collection":[{"href":"https:\/\/actualizateiguazu.com\/v3\/wp-json\/wp\/v2\/posts"}],"about":[{"href":"https:\/\/actualizateiguazu.com\/v3\/wp-json\/wp\/v2\/types\/post"}],"author":[{"embeddable":true,"href":"https:\/\/actualizateiguazu.com\/v3\/wp-json\/wp\/v2\/users\/1"}],"replies":[{"embeddable":true,"href":"https:\/\/actualizateiguazu.com\/v3\/wp-json\/wp\/v2\/comments?post=40634"}],"version-history":[{"count":1,"href":"https:\/\/actualizateiguazu.com\/v3\/wp-json\/wp\/v2\/posts\/40634\/revisions"}],"predecessor-version":[{"id":40635,"href":"https:\/\/actualizateiguazu.com\/v3\/wp-json\/wp\/v2\/posts\/40634\/revisions\/40635"}],"wp:featuredmedia":[{"embeddable":true,"href":"https:\/\/actualizateiguazu.com\/v3\/wp-json\/wp\/v2\/media\/40631"}],"wp:attachment":[{"href":"https:\/\/actualizateiguazu.com\/v3\/wp-json\/wp\/v2\/media?parent=40634"}],"wp:term":[{"taxonomy":"category","embeddable":true,"href":"https:\/\/actualizateiguazu.com\/v3\/wp-json\/wp\/v2\/categories?post=40634"},{"taxonomy":"post_tag","embeddable":true,"href":"https:\/\/actualizateiguazu.com\/v3\/wp-json\/wp\/v2\/tags?post=40634"}],"curies":[{"name":"wp","href":"https:\/\/api.w.org\/{rel}","templated":true}]}}