{"id":40645,"date":"2023-10-04T09:55:05","date_gmt":"2023-10-04T12:55:05","guid":{"rendered":"https:\/\/actualizateiguazu.com\/v3\/?p=40645"},"modified":"2023-10-04T09:55:36","modified_gmt":"2023-10-04T12:55:36","slug":"iguazu-se-lucio-con-stand-propio-en-la-feria-internacional-del-turismo","status":"publish","type":"post","link":"https:\/\/actualizateiguazu.com\/v3\/2023\/10\/04\/iguazu-se-lucio-con-stand-propio-en-la-feria-internacional-del-turismo\/","title":{"rendered":"Iguaz\u00fa se luci\u00f3 con stand propio en la Feria Internacional del Turismo"},"content":{"rendered":"\n<p>Del 30 de septiembre hasta el 3 de octubre inclusive se realizo la Feria Internacional de Turismo en el predio de la Rural, la feria m\u00e1s importante del pa\u00eds convoco a todos los destinos tur\u00edsticos del pa\u00eds. Nuevamente Iguaz\u00fa opt\u00f3 por presentarse con stand propio en el pabell\u00f3n internacional. La feria permiti\u00f3 a los operadores concretar negocios y adem\u00e1s se realiz\u00f3 la firma de un convenio de cooperaci\u00f3n entre Puerto Iguaz\u00fa y Corrientes.<\/p>\n\n\n\n<p>En su 27\u00ba edici\u00f3n, la FIT 2023 convoc\u00f3 a m\u00e1s de 30 mil profesionales de viajes y turismo y a m\u00e1s de 1.700 empresas expositoras para la generaci\u00f3n de contenido, negocios y networking. \u201chemos vivido d\u00edas muy productivos, donde realizamos convenios, enlaces y acciones tendientes a continuar generando lazos que ayuden a acrecentar la conexi\u00f3n con las distintas provincias de nuestro pa\u00eds y el mundo\u201d indico Leopoldo Lucas presidente del Iturem<\/p>\n\n\n\n<p>Entre las acciones llevadas adelante Lucas explic\u00f3 que, junto a la provincia de Corrientes, las direcciones de turismo y bureau de ambas ciudades, firmamos un convenio de colaboraci\u00f3n mutua, con el prop\u00f3sito de seguir realizando promoci\u00f3n cruzada para que la regi\u00f3n siga creciendo de manera conjunta.<\/p>\n\n\n\n<figure class=\"wp-block-image size-full\"><img loading=\"lazy\" decoding=\"async\" width=\"1024\" height=\"768\" src=\"https:\/\/actualizateiguazu.com\/v3\/wp-content\/uploads\/2023\/10\/WhatsApp-Image-2023-10-03-at-7.35.39-PM.jpeg\" alt=\"\" class=\"wp-image-40646\" srcset=\"https:\/\/actualizateiguazu.com\/v3\/wp-content\/uploads\/2023\/10\/WhatsApp-Image-2023-10-03-at-7.35.39-PM.jpeg 1024w, https:\/\/actualizateiguazu.com\/v3\/wp-content\/uploads\/2023\/10\/WhatsApp-Image-2023-10-03-at-7.35.39-PM-600x450.jpeg 600w, https:\/\/actualizateiguazu.com\/v3\/wp-content\/uploads\/2023\/10\/WhatsApp-Image-2023-10-03-at-7.35.39-PM-300x225.jpeg 300w, https:\/\/actualizateiguazu.com\/v3\/wp-content\/uploads\/2023\/10\/WhatsApp-Image-2023-10-03-at-7.35.39-PM-768x576.jpeg 768w, https:\/\/actualizateiguazu.com\/v3\/wp-content\/uploads\/2023\/10\/WhatsApp-Image-2023-10-03-at-7.35.39-PM-720x540.jpeg 720w\" sizes=\"auto, (max-width: 1024px) 100vw, 1024px\" \/><\/figure>\n\n\n\n<p>Tambi\u00e9n concretaron un reuni\u00f3n con las autoridades de turismo de la ciudad de Rosario para concretar un fampress y confirmar la asistencia de Iguazu en la feria de las colectividades, que se realizar\u00e1 el pr\u00f3ximo mes de noviembre en Rosario.<\/p>\n\n\n\n<p>\u201cMantuvimos una importante reuni\u00f3n con nuestros pares, secretarios de turismo, de Ciudad del Este, Liliana Flores, y Foz de Iguaz\u00fa, Andr\u00e9 Alliana, donde concretamos im\u00e1genes en cada uno de los stand &#8211; Foz de Iguaz\u00fa, Paraguay e Iguaz\u00fa &#8211; lo que nos permiti\u00f3 realizar una nota en conjunto para una importante revista especializada de Brasil, concluyendo en la planificaci\u00f3n de acciones en conjunto para realizar en la FITPAR Asunci\u00f3n del 13 al 15 de octubre\u201d detall\u00f3 Lucas<\/p>\n\n\n\n<p>Para cerrar las actividades se llev\u00f3 adelante una capacitaci\u00f3n destinada a profesionales, prensa especializada y distintos actores que conformaron la feria sobre sustentabilidad donde se dio a conocer las acciones que lleva adelante el destino para convertirse en la primera ciudad del pa\u00eds en certificar buenas pr\u00e1cticas sustentables. \u201cSabemos que la capacitaci\u00f3n desempe\u00f1a un papel fundamental en el sector tur\u00edstico. El turismo est\u00e1 en constante evoluci\u00f3n y requiere que los profesionales est\u00e9n actualizados y preparados para brindar experiencias de calidad a los viajeros, y all\u00ed enfocamos nuestro esfuerzo\u201d<\/p>\n\n\n\n<p>\u201cEstas y muchas acciones m\u00e1s, que se realizaron durante los 4 d\u00edas del evento, impulsan y fomentan a que nuestra ciudad contin\u00fae la senda del crecimiento y que se siga destacando en lo alto nuestra preciada actividad tur\u00edstica\u201d remat\u00f3 Lucas<\/p>\n\n\n\n<p>Gracias a todos los que nos visitaron en nuestro espacio y los esperamos, siempre, en #IguazuTodoElA\u00f1o.<\/p>\n","protected":false},"excerpt":{"rendered":"<p>Del 30 de septiembre hasta el 3 de octubre inclusive se realizo la Feria Internacional<\/p>\n","protected":false},"author":1,"featured_media":40647,"comment_status":"open","ping_status":"open","sticky":false,"template":"","format":"standard","meta":{"footnotes":""},"categories":[1,226],"tags":[],"class_list":["post-40645","post","type-post","status-publish","format-standard","has-post-thumbnail","hentry","category-actualidad","category-locales"],"_links":{"self":[{"href":"https:\/\/actualizateiguazu.com\/v3\/wp-json\/wp\/v2\/posts\/40645","targetHints":{"allow":["GET"]}}],"collection":[{"href":"https:\/\/actualizateiguazu.com\/v3\/wp-json\/wp\/v2\/posts"}],"about":[{"href":"https:\/\/actualizateiguazu.com\/v3\/wp-json\/wp\/v2\/types\/post"}],"author":[{"embeddable":true,"href":"https:\/\/actualizateiguazu.com\/v3\/wp-json\/wp\/v2\/users\/1"}],"replies":[{"embeddable":true,"href":"https:\/\/actualizateiguazu.com\/v3\/wp-json\/wp\/v2\/comments?post=40645"}],"version-history":[{"count":2,"href":"https:\/\/actualizateiguazu.com\/v3\/wp-json\/wp\/v2\/posts\/40645\/revisions"}],"predecessor-version":[{"id":40649,"href":"https:\/\/actualizateiguazu.com\/v3\/wp-json\/wp\/v2\/posts\/40645\/revisions\/40649"}],"wp:featuredmedia":[{"embeddable":true,"href":"https:\/\/actualizateiguazu.com\/v3\/wp-json\/wp\/v2\/media\/40647"}],"wp:attachment":[{"href":"https:\/\/actualizateiguazu.com\/v3\/wp-json\/wp\/v2\/media?parent=40645"}],"wp:term":[{"taxonomy":"category","embeddable":true,"href":"https:\/\/actualizateiguazu.com\/v3\/wp-json\/wp\/v2\/categories?post=40645"},{"taxonomy":"post_tag","embeddable":true,"href":"https:\/\/actualizateiguazu.com\/v3\/wp-json\/wp\/v2\/tags?post=40645"}],"curies":[{"name":"wp","href":"https:\/\/api.w.org\/{rel}","templated":true}]}}