{"id":40653,"date":"2023-10-04T11:20:18","date_gmt":"2023-10-04T14:20:18","guid":{"rendered":"https:\/\/actualizateiguazu.com\/v3\/?p=40653"},"modified":"2023-10-04T11:20:19","modified_gmt":"2023-10-04T14:20:19","slug":"semana-de-la-ciencia-ninos-jugaron-a-ser-cientificos-en-el-imibio","status":"publish","type":"post","link":"https:\/\/actualizateiguazu.com\/v3\/2023\/10\/04\/semana-de-la-ciencia-ninos-jugaron-a-ser-cientificos-en-el-imibio\/","title":{"rendered":"Semana de la ciencia: Ni\u00f1os jugaron a ser cient\u00edficos en el IMibio"},"content":{"rendered":"\n<p><\/p>\n\n\n\n<p>En el marco de la semana de la ciencia que comenz\u00f3 el lunes, el Instituto Misionero de Biodiversidad busca mostrar a la comunidad cuales son las actividades que se desarrollan dentro de las paredes del predio y motivar a ni\u00f1os, adolescentes y a la comunidad en general a interesarse en la biol\u00f3gica y en la ciencia. El martes los ni\u00f1os de 5 y 6 a\u00f1os de la instituci\u00f3n San Francisco de Asis de Puerto Iguaz\u00fa visitaron las instalaciones y jugaron a ser cient\u00edficos.<\/p>\n\n\n\n<p>El prop\u00f3sito de la semana de la ciencia el lograr un encuentro entre la comunidad cient\u00edfica y la ciudadan\u00eda, para la popularizaci\u00f3n de la ciencia, la tecnolog\u00eda y la innovaci\u00f3n. El IMiBio como otras instituciones de Puerto Iguaz\u00fa planificaron actividades que promueven en este caso jugando con los ni\u00f1os a fin de que puedan so\u00f1ar con ser cient\u00edficos cuando crezcan.<\/p>\n\n\n\n<figure class=\"wp-block-image size-large\"><img loading=\"lazy\" decoding=\"async\" width=\"1024\" height=\"473\" src=\"https:\/\/actualizateiguazu.com\/v3\/wp-content\/uploads\/2023\/10\/WhatsApp-Image-2023-10-03-at-11.51.13-AM-1024x473.jpeg\" alt=\"\" class=\"wp-image-40655\" srcset=\"https:\/\/actualizateiguazu.com\/v3\/wp-content\/uploads\/2023\/10\/WhatsApp-Image-2023-10-03-at-11.51.13-AM-1024x473.jpeg 1024w, https:\/\/actualizateiguazu.com\/v3\/wp-content\/uploads\/2023\/10\/WhatsApp-Image-2023-10-03-at-11.51.13-AM-600x277.jpeg 600w, https:\/\/actualizateiguazu.com\/v3\/wp-content\/uploads\/2023\/10\/WhatsApp-Image-2023-10-03-at-11.51.13-AM-300x139.jpeg 300w, https:\/\/actualizateiguazu.com\/v3\/wp-content\/uploads\/2023\/10\/WhatsApp-Image-2023-10-03-at-11.51.13-AM-768x355.jpeg 768w, https:\/\/actualizateiguazu.com\/v3\/wp-content\/uploads\/2023\/10\/WhatsApp-Image-2023-10-03-at-11.51.13-AM-1536x709.jpeg 1536w, https:\/\/actualizateiguazu.com\/v3\/wp-content\/uploads\/2023\/10\/WhatsApp-Image-2023-10-03-at-11.51.13-AM.jpeg 1600w\" sizes=\"auto, (max-width: 1024px) 100vw, 1024px\" \/><\/figure>\n\n\n\n<p>Los ni\u00f1os fueron recibidos por el plantel a las 9 de la ma\u00f1ana, primeramente, recibieron una peque\u00f1a charla para interiorizarse del maravilloso mundo que iban a descubrir al ingresar al Instituto. Los colaboradores, explicaron a los ni\u00f1os que es la germinaci\u00f3n y sus t\u00e9cnicas, despu\u00e9s supieron que pueden obtener colores de la naturaleza para despu\u00e9s visitar el laboratorio donde observaron a trav\u00e9s del microscopio, adem\u00e1s de participar de una actividad l\u00fadica en los laboratorios.<\/p>\n\n\n\n<p>\u201cLos ni\u00f1os estuvieron dos horas en las instalaciones del IMiBio, haciendo actividades de cient\u00edficos y cient\u00edficas, el objetivo era mostrarle las actividades que hacemos y tambi\u00e9n potenciar vocaciones cient\u00edficas\u201d indico Emmanuel Grassi director del IMiBio<\/p>\n\n\n\n<figure class=\"wp-block-image size-large\"><img loading=\"lazy\" decoding=\"async\" width=\"473\" height=\"1024\" src=\"https:\/\/actualizateiguazu.com\/v3\/wp-content\/uploads\/2023\/10\/WhatsApp-Image-2023-10-03-at-11.51.14-AM-473x1024.jpeg\" alt=\"\" class=\"wp-image-40656\" srcset=\"https:\/\/actualizateiguazu.com\/v3\/wp-content\/uploads\/2023\/10\/WhatsApp-Image-2023-10-03-at-11.51.14-AM-473x1024.jpeg 473w, https:\/\/actualizateiguazu.com\/v3\/wp-content\/uploads\/2023\/10\/WhatsApp-Image-2023-10-03-at-11.51.14-AM-600x1299.jpeg 600w, https:\/\/actualizateiguazu.com\/v3\/wp-content\/uploads\/2023\/10\/WhatsApp-Image-2023-10-03-at-11.51.14-AM-139x300.jpeg 139w, https:\/\/actualizateiguazu.com\/v3\/wp-content\/uploads\/2023\/10\/WhatsApp-Image-2023-10-03-at-11.51.14-AM-709x1536.jpeg 709w, https:\/\/actualizateiguazu.com\/v3\/wp-content\/uploads\/2023\/10\/WhatsApp-Image-2023-10-03-at-11.51.14-AM.jpeg 739w\" sizes=\"auto, (max-width: 473px) 100vw, 473px\" \/><\/figure>\n\n\n\n<p>Las \u00e1reas de microbiolog\u00eda junto al \u00e1rea de estudio de insectos a cargo de Lic. Alejandro Saint Esteven (IMiBio), especialista en artr\u00f3podos brindaron conocimientos a los ni\u00f1os. \u201cbuscamos que los ni\u00f1os sepan que existe en Misiones un Instituto que los pueda albergar si quieren estudiar biolog\u00eda, gen\u00e9tica o alguna ciencia ligada a la investigaci\u00f3n o conservaci\u00f3n de la naturaleza\u201d remarc\u00f3 Grassi<\/p>\n\n\n\n<p>Los ni\u00f1os trabajaron con tierra roja, hojas y flores pata obtener tintes y as\u00ed terminar la jornada dibujando su experiencia en contacto con la ciencia.<\/p>\n\n\n\n<p>Este mi\u00e9rcoles contin\u00faan las acciones, visitaran las instalaciones del IMiBio los alumnos de 4\u00b0 a\u00f1o, del colegio secundario BOP N\u00b0 23 Demetrio Koropeski (BACHITUR) de Puerto Iguaz\u00fa, quienes participaran de una \u201cCompetencia Monumental\u201d. La actividad comenzar\u00e1 con una charla sobre Biodiversidad Misionera y los monumentos de la provincia. Posterior a eso se realizar\u00e1 un juego de \u201cla b\u00fasqueda del tesoro\u201d donde mediante pistas ir\u00e1n aprendiendo sobre los monumentos naturales.<\/p>\n","protected":false},"excerpt":{"rendered":"<p>En el marco de la semana de la ciencia que comenz\u00f3 el lunes, el Instituto<\/p>\n","protected":false},"author":1,"featured_media":40657,"comment_status":"open","ping_status":"open","sticky":false,"template":"","format":"standard","meta":{"footnotes":""},"categories":[1,226],"tags":[],"class_list":["post-40653","post","type-post","status-publish","format-standard","has-post-thumbnail","hentry","category-actualidad","category-locales"],"_links":{"self":[{"href":"https:\/\/actualizateiguazu.com\/v3\/wp-json\/wp\/v2\/posts\/40653","targetHints":{"allow":["GET"]}}],"collection":[{"href":"https:\/\/actualizateiguazu.com\/v3\/wp-json\/wp\/v2\/posts"}],"about":[{"href":"https:\/\/actualizateiguazu.com\/v3\/wp-json\/wp\/v2\/types\/post"}],"author":[{"embeddable":true,"href":"https:\/\/actualizateiguazu.com\/v3\/wp-json\/wp\/v2\/users\/1"}],"replies":[{"embeddable":true,"href":"https:\/\/actualizateiguazu.com\/v3\/wp-json\/wp\/v2\/comments?post=40653"}],"version-history":[{"count":1,"href":"https:\/\/actualizateiguazu.com\/v3\/wp-json\/wp\/v2\/posts\/40653\/revisions"}],"predecessor-version":[{"id":40658,"href":"https:\/\/actualizateiguazu.com\/v3\/wp-json\/wp\/v2\/posts\/40653\/revisions\/40658"}],"wp:featuredmedia":[{"embeddable":true,"href":"https:\/\/actualizateiguazu.com\/v3\/wp-json\/wp\/v2\/media\/40657"}],"wp:attachment":[{"href":"https:\/\/actualizateiguazu.com\/v3\/wp-json\/wp\/v2\/media?parent=40653"}],"wp:term":[{"taxonomy":"category","embeddable":true,"href":"https:\/\/actualizateiguazu.com\/v3\/wp-json\/wp\/v2\/categories?post=40653"},{"taxonomy":"post_tag","embeddable":true,"href":"https:\/\/actualizateiguazu.com\/v3\/wp-json\/wp\/v2\/tags?post=40653"}],"curies":[{"name":"wp","href":"https:\/\/api.w.org\/{rel}","templated":true}]}}