{"id":40670,"date":"2023-10-04T22:01:10","date_gmt":"2023-10-05T01:01:10","guid":{"rendered":"https:\/\/actualizateiguazu.com\/v3\/?p=40670"},"modified":"2023-10-04T22:01:11","modified_gmt":"2023-10-05T01:01:11","slug":"no-le-mataron-porque-puso-el-codo-para-cubrirse-la-cabeza","status":"publish","type":"post","link":"https:\/\/actualizateiguazu.com\/v3\/2023\/10\/04\/no-le-mataron-porque-puso-el-codo-para-cubrirse-la-cabeza\/","title":{"rendered":"\u201cNo le mataron porque puso el codo para cubrirse la cabeza\u201d"},"content":{"rendered":"\n<p>Carlos Rojas narr\u00f3 c\u00f3mo su hijo de 23 a\u00f1os se salv\u00f3 de milagro tras recibir machetazos de parte de dos hermanos en plena calle<\/p>\n\n\n\n<p>\u201cNo le mataron porque puso el codo para cubrirse la cabeza. Dos veces recibi\u00f3 el machetazo, en el cuello y en la cabeza\u201d. La frase, contundente por donde se la mire, refleja el dolor de Carlos Rojas, quien por estas horas acompa\u00f1a la recuperaci\u00f3n de su hijo de 23 a\u00f1os y que el \u00faltimo domingo se salv\u00f3 de milagro tras ser atacado a machetazos en plena calle, a la salida de un boliche de Puerto Iguaz\u00fa.<\/p>\n\n\n\n<p>Por este hecho, dos hermanos de 18 y 21 a\u00f1os, fueron detenidos por la Polic\u00eda, horas despu\u00e9s de conocido el sucedo. Por otro lado, el ataque qued\u00f3 registrado en un video que circul\u00f3 por las redes sociales y que gener\u00f3 la indignaci\u00f3n de la comunidad a ra\u00edz de la violencia con la que se manejaron los implicados.<\/p>\n\n\n\n<p>Con la intenci\u00f3n de que lo ocurrido no pase desapercibido y adem\u00e1s reclamar justicia por las graves lesiones sufridas por su familiar, el padre de la v\u00edctima decidi\u00f3 contar lo ocurrido y llamar a la reflexi\u00f3n en torno a estos sucesos violentos que en la Ciudad de las Cataratas se suscitan cada vez m\u00e1s seguido.<\/p>\n\n\n\n<p>En un principio, Carlos relat\u00f3 que la agresi\u00f3n al muchacho, quien estudia en Posadas ingenier\u00eda electr\u00f3nica y que estaba de visita en la ciudad al momento del hecho, se produjo cerca de las 5,45 del domingo, en un local de comidas ubicado en cercan\u00edas a un conocido boliche de la ciudad.<\/p>\n\n\n\n<p>\u201cEstaba \u00e9l junto a dos amigos y a mi hija. En eso, a lo lejos unos chicos que estaban en un Peugeot, estos delincuentes mejor dicho, comenzaron a insultarlo. A \u00e9l y otras personas que estaban en el lugar. Le dec\u00edan \u2018qu\u00e9 te haces\u2019, \u2018yo voy a comer tu hamburguesa\u2019 y cosas as\u00ed.<\/p>\n\n\n\n<p>Hasta ese momento mi hijo le qued\u00f3 mirando nom\u00e1s. Pero despu\u00e9s se gener\u00f3 un entredicho, hubo empujones hasta que uno de estos j\u00f3venes agarr\u00f3 el machete de la puerta del auto y lo persiguieron\u201d, relat\u00f3 el padre.<\/p>\n\n\n\n<p>Relat\u00f3 que el m\u00e1s joven de los hermanos implicados en el ataque, propin\u00f3 dos machetazos sobre la humanidad de su hijo, y que de no ser porque el muchacho se cubri\u00f3 con el codo, la historia pudo terminar en tragedia. \u201cTiene dos fracturas en el codo, en donde le dio con el machete, si no pon\u00eda el codo le iba agarrar la cabeza\u201d, describi\u00f3 Carlos.<\/p>\n\n\n\n<p>\u201cMi hija sali\u00f3 corriendo, tambi\u00e9n le arrojaban piedras, le increparon a los dos, pero si mi hija no sal\u00eda a gritar, a pedir ayuda, esto hubiera terminado en tragedia. Mi hijo es grande y perdi\u00f3 mucha sangre, pero pudo soportar. Mi hija fue a gritarle para que dejen de atacar a su hermano y ellos le amenazaron de muerte. Le roz\u00f3 un machetazo que gracias a Dios no le dio. 18 a\u00f1os tiene esta persona que atac\u00f3 a mis hijos. Nosotros somos una familia de bien y no queremos que existan m\u00e1s casos como el de Fernando\u201d, sostuvo al borde de las lagrimas el entrevistado quien durante la jornada de ayer llev\u00f3 al joven a realizarse estudios por los golpes recibidos.<\/p>\n\n\n\n<p>Por otro lado, siempre desde la reconstrucci\u00f3n de lo sucedido, el entrevistado narr\u00f3 ya gravemente herido, la v\u00edctima se acerc\u00f3 hasta el coche donde estaba su agresor y pidi\u00f3 por favor que lo llevaran hasta el hospital, a lo que \u00fanicamente recibi\u00f3 como respuesta m\u00e1s burlas por parte del atacante y su c\u00f3mplice. \u201cMi hijo va y le pide que le lleve al hospital y estos se mataban de risa y se fueron. Yo llego, con mi hijo ah\u00ed, gritando con que le lleven al hospital\u201d.<\/p>\n\n\n\n<p>A su vez, Carlos pudo reconstruir en base a los aportes de vecinos que viven en cercan\u00edas al lugar del ataque, y mediante im\u00e1genes de c\u00e1mara de seguridad del lugar, que los dos detenidos hab\u00edan sido expulsados minutos antes del boliche y que, al parecer, estaban esperando al personal de seguridad que los hab\u00eda sacado del local bailable para intimidarlo.<\/p>\n\n\n\n<p>\u201cSeg\u00fan me comentaron vecinos, esto lo ven\u00edan haciendo desde hace tiempo. Tengo un conocido que vive al lado y que me coment\u00f3 que viven peleando y que por eso todos le tienen miedo en el barrio. Es por esto que yo quiero que sea p\u00fablico esto, casi le mataron a mi hijo, falto nada. \u00c9l est\u00e1 fuera de peligro, pero sigue en estudios, pero hoy le voy a llevar al hospital. El codo le pudieron salvar porque dos veces tuvo golpes en esa parte, le hicieron cirug\u00eda porque pod\u00eda perder la movilidad de las manos\u201d, indic\u00f3.<\/p>\n\n\n\n<p>Horas posteriores al hecho, otros dos j\u00f3venes que se encontraban en inmediaciones al boliche tambi\u00e9n habr\u00edan sido v\u00edctimas de agresiones e insultos. Incluso, ambos ya habr\u00edan hecho las respectivas presentaciones ante la Polic\u00eda de Misiones.<\/p>\n\n\n\n<p>En otro punto de la charla, el entrevistado aclar\u00f3 que su hijo nunca tuvo contacto con sus agresores y que no los conoc\u00eda. \u201cClaramente estas personas salieron a mostrar que estaban tomados y su actitud violenta\u201d.<\/p>\n\n\n\n<p>Sobre la recuperaci\u00f3n de su hijo, Carlos coment\u00f3: \u201cTienen que hacerle curaciones en el codo, cabeza y espalda, y hematomas en las rodillas, aunque eso mucho m\u00e1s leve. El tema es el codo que estamos\u201d.<\/p>\n\n\n\n<p>Fuente: El Territorio<\/p>\n","protected":false},"excerpt":{"rendered":"<p>Carlos Rojas narr\u00f3 c\u00f3mo su hijo de 23 a\u00f1os se salv\u00f3 de milagro tras recibir<\/p>\n","protected":false},"author":1,"featured_media":40671,"comment_status":"open","ping_status":"open","sticky":false,"template":"","format":"standard","meta":{"footnotes":""},"categories":[1,226,228],"tags":[],"class_list":["post-40670","post","type-post","status-publish","format-standard","has-post-thumbnail","hentry","category-actualidad","category-locales","category-policiales"],"_links":{"self":[{"href":"https:\/\/actualizateiguazu.com\/v3\/wp-json\/wp\/v2\/posts\/40670","targetHints":{"allow":["GET"]}}],"collection":[{"href":"https:\/\/actualizateiguazu.com\/v3\/wp-json\/wp\/v2\/posts"}],"about":[{"href":"https:\/\/actualizateiguazu.com\/v3\/wp-json\/wp\/v2\/types\/post"}],"author":[{"embeddable":true,"href":"https:\/\/actualizateiguazu.com\/v3\/wp-json\/wp\/v2\/users\/1"}],"replies":[{"embeddable":true,"href":"https:\/\/actualizateiguazu.com\/v3\/wp-json\/wp\/v2\/comments?post=40670"}],"version-history":[{"count":1,"href":"https:\/\/actualizateiguazu.com\/v3\/wp-json\/wp\/v2\/posts\/40670\/revisions"}],"predecessor-version":[{"id":40672,"href":"https:\/\/actualizateiguazu.com\/v3\/wp-json\/wp\/v2\/posts\/40670\/revisions\/40672"}],"wp:featuredmedia":[{"embeddable":true,"href":"https:\/\/actualizateiguazu.com\/v3\/wp-json\/wp\/v2\/media\/40671"}],"wp:attachment":[{"href":"https:\/\/actualizateiguazu.com\/v3\/wp-json\/wp\/v2\/media?parent=40670"}],"wp:term":[{"taxonomy":"category","embeddable":true,"href":"https:\/\/actualizateiguazu.com\/v3\/wp-json\/wp\/v2\/categories?post=40670"},{"taxonomy":"post_tag","embeddable":true,"href":"https:\/\/actualizateiguazu.com\/v3\/wp-json\/wp\/v2\/tags?post=40670"}],"curies":[{"name":"wp","href":"https:\/\/api.w.org\/{rel}","templated":true}]}}