{"id":41563,"date":"2023-11-01T11:15:23","date_gmt":"2023-11-01T14:15:23","guid":{"rendered":"https:\/\/actualizateiguazu.com\/v3\/?p=41563"},"modified":"2023-11-01T11:15:24","modified_gmt":"2023-11-01T14:15:24","slug":"desde-este-miercoles-rige-nuevo-tarifario-en-los-parques-provinciales","status":"publish","type":"post","link":"https:\/\/actualizateiguazu.com\/v3\/2023\/11\/01\/desde-este-miercoles-rige-nuevo-tarifario-en-los-parques-provinciales\/","title":{"rendered":"Desde este mi\u00e9rcoles, rige nuevo tarifario en los Parques Provinciales"},"content":{"rendered":"\n<p>El 1 de noviembre de 2023 entra en vigencia una actualizaci\u00f3n de las tarifas de ingreso a los parques provinciales. Los\/as ni\u00f1os\/as menores de 6 a\u00f1os y personas con discapacidad, entran gratis; los\/as ni\u00f1os\/as entre 6 y 12 a\u00f1os y los jubilados de la provincia, abonar\u00e1n $500; residentes de Misiones y jubilados nacionales, $650; los residentes argentinos: $1500, mientras que la entrada general (extranjeros) es de $2000.<\/p>\n\n\n\n<p>Quienes compren las entradas de manera online a trav\u00e9s de la plataforma <a href=\"https:\/\/misiones.boleteriadigital.com.ar\/\">https:\/\/misiones.boleteriadigital.com.ar\/<\/a> &nbsp;podr\u00e1n acceder a la opci\u00f3n de abonar en 3 pagos sin inter\u00e9s con tarjeta del banco Macro. Para todos los casos, es obligatorio presentar DNI y carnet en caso de ser persona con discapacidad. Para m\u00e1s informaci\u00f3n, los interesados deben ingresar a <a href=\"http:\/\/www.misiones.tur.ar\">www.misiones.tur.ar<\/a><\/p>\n\n\n\n<p>Asimismo desde el Ministerio de Turismo de Misioness informaron que el Parque Salto Encantado estar\u00e1 cerrado este mi\u00e9rcoles debido a los da\u00f1os ya conocidos que fueron ocasionados por el temporal, varias cuadrillas se encuentran trabajando en el Parque Salto Encantado para reacondicionar sus instalaciones, teniendo en cuenta la gran cantidad de \u00e1rboles ca\u00eddos, estructuras da\u00f1adas y la necesidad de mantener despejados los senderos y las \u00e1reas comunes.<\/p>\n","protected":false},"excerpt":{"rendered":"<p>El 1 de noviembre de 2023 entra en vigencia una actualizaci\u00f3n de las tarifas de<\/p>\n","protected":false},"author":1,"featured_media":41564,"comment_status":"open","ping_status":"open","sticky":false,"template":"","format":"standard","meta":{"footnotes":""},"categories":[1,229],"tags":[],"class_list":["post-41563","post","type-post","status-publish","format-standard","has-post-thumbnail","hentry","category-actualidad","category-provinciales"],"_links":{"self":[{"href":"https:\/\/actualizateiguazu.com\/v3\/wp-json\/wp\/v2\/posts\/41563","targetHints":{"allow":["GET"]}}],"collection":[{"href":"https:\/\/actualizateiguazu.com\/v3\/wp-json\/wp\/v2\/posts"}],"about":[{"href":"https:\/\/actualizateiguazu.com\/v3\/wp-json\/wp\/v2\/types\/post"}],"author":[{"embeddable":true,"href":"https:\/\/actualizateiguazu.com\/v3\/wp-json\/wp\/v2\/users\/1"}],"replies":[{"embeddable":true,"href":"https:\/\/actualizateiguazu.com\/v3\/wp-json\/wp\/v2\/comments?post=41563"}],"version-history":[{"count":1,"href":"https:\/\/actualizateiguazu.com\/v3\/wp-json\/wp\/v2\/posts\/41563\/revisions"}],"predecessor-version":[{"id":41565,"href":"https:\/\/actualizateiguazu.com\/v3\/wp-json\/wp\/v2\/posts\/41563\/revisions\/41565"}],"wp:featuredmedia":[{"embeddable":true,"href":"https:\/\/actualizateiguazu.com\/v3\/wp-json\/wp\/v2\/media\/41564"}],"wp:attachment":[{"href":"https:\/\/actualizateiguazu.com\/v3\/wp-json\/wp\/v2\/media?parent=41563"}],"wp:term":[{"taxonomy":"category","embeddable":true,"href":"https:\/\/actualizateiguazu.com\/v3\/wp-json\/wp\/v2\/categories?post=41563"},{"taxonomy":"post_tag","embeddable":true,"href":"https:\/\/actualizateiguazu.com\/v3\/wp-json\/wp\/v2\/tags?post=41563"}],"curies":[{"name":"wp","href":"https:\/\/api.w.org\/{rel}","templated":true}]}}