{"id":41586,"date":"2023-11-02T16:31:27","date_gmt":"2023-11-02T19:31:27","guid":{"rendered":"https:\/\/actualizateiguazu.com\/v3\/?p=41586"},"modified":"2023-11-02T16:31:28","modified_gmt":"2023-11-02T19:31:28","slug":"este-viernes-3-de-noviembre-reabre-cataratas-sin-garganta-del-diablo","status":"publish","type":"post","link":"https:\/\/actualizateiguazu.com\/v3\/2023\/11\/02\/este-viernes-3-de-noviembre-reabre-cataratas-sin-garganta-del-diablo\/","title":{"rendered":"Este viernes 3 de noviembre reabre Cataratas sin Garganta del Diablo"},"content":{"rendered":"\n<p>Este jueves 2 de noviembre, y seg\u00fan lo previsto en la agenda institucional, personal de Parques Nacionales, t\u00e9cnicos y guardaparques del Parque Nacional Iguaz\u00fa, la concesionaria de servicios Iguaz\u00fa Argentina S.A. (IASA), actores vinculados al sector tur\u00edstico, fot\u00f3grafos, gu\u00edas, trabajadores y trabajadoras del \u00c1rea Cataratas y medios de comunicaci\u00f3n, realizaron una recorrida por los circuitos Superior e Inferior. Tras la recorrida y ante el escenario determinaron que es seguro volver a habilitar parte de los circuitos para la visita.<\/p>\n\n\n\n<p>Desde Parques Nacionales indicaron que luego de la inspecci\u00f3n t\u00e9cnica realizada por el personal, determinaron que est\u00e1n dadas las condiciones de seguridad para la habilitaci\u00f3n de los circuitos Superior de forma parcial e Inferior. Es por ello que el d\u00eda viernes 3 de noviembre, el \u00e1rea protegida estar\u00e1 habilitado el ingreso de turistas luego de la crecida extraordinaria del rio Iguaz\u00fa.<\/p>\n\n\n\n<p>Al respecto el intendente del Parque Nacional Iguaz\u00fa, Claudio Sacramento indico \u201c\u00bbEl caudal es impresionante, las Cataratas est\u00e1n realmente hermosas, y en funci\u00f3n del\u00a0 seguimiento y an\u00e1lisis de los \u00faltimos datos vinculados al caudal del r\u00edo Iguaz\u00fa, estamos en condiciones de confirmar que ma\u00f1ana se reabre el Parque Nacional\u00bb, adelant\u00f3 el funcionario, apuntando que \u00abLa prioridad es preservar la seguridad de los trabajadores y de los visitantes, ofreciendo un paseo seguro a todos los que arriban a las Cataratas para conocer una de las maravillas del mundo\u201d<\/p>\n\n\n\n<figure class=\"wp-block-image size-large\"><img loading=\"lazy\" decoding=\"async\" width=\"1024\" height=\"576\" src=\"https:\/\/actualizateiguazu.com\/v3\/wp-content\/uploads\/2023\/11\/IMG_20231102_104230516-1024x576.jpg\" alt=\"\" class=\"wp-image-41587\" srcset=\"https:\/\/actualizateiguazu.com\/v3\/wp-content\/uploads\/2023\/11\/IMG_20231102_104230516-1024x576.jpg 1024w, https:\/\/actualizateiguazu.com\/v3\/wp-content\/uploads\/2023\/11\/IMG_20231102_104230516-scaled-600x338.jpg 600w, https:\/\/actualizateiguazu.com\/v3\/wp-content\/uploads\/2023\/11\/IMG_20231102_104230516-300x169.jpg 300w, https:\/\/actualizateiguazu.com\/v3\/wp-content\/uploads\/2023\/11\/IMG_20231102_104230516-768x432.jpg 768w, https:\/\/actualizateiguazu.com\/v3\/wp-content\/uploads\/2023\/11\/IMG_20231102_104230516-1536x864.jpg 1536w, https:\/\/actualizateiguazu.com\/v3\/wp-content\/uploads\/2023\/11\/IMG_20231102_104230516-2048x1152.jpg 2048w, https:\/\/actualizateiguazu.com\/v3\/wp-content\/uploads\/2023\/11\/IMG_20231102_104230516-800x450.jpg 800w\" sizes=\"auto, (max-width: 1024px) 100vw, 1024px\" \/><\/figure>\n\n\n\n<p>Desde este viernes se podr\u00e1n disfrutar nuevamente del Circuito Inferior, Superior, Sendero Verde y Sendero Macuco. \u201cEstaremos monitoreando las previsiones metereol\u00f3gicas y el caudal del r\u00edo, priorizando en primer lugar la seguridad de todos los que nos visitan e informando las novedades a trav\u00e9s de las redes sociales oficiales del Parque\u201d remarco<\/p>\n\n\n\n<p>Cabe destacar que la fuerza del agua ha provocado da\u00f1os en los circuitos que deber\u00e1n ser reparados. El Circuito Garganta del Diablo a\u00fan se encuentra suspendido preventivamente para la visita, los t\u00e9cnicos deben esperar a que el caudal del rio Iguaz\u00fa se reduzca aun m\u00e1s para el ingreso del personal que determinara los da\u00f1os. Se cree que una mayor cantidad de tramos fueron afectados en comparaci\u00f3n a la crecida del mes de octubre del 2022, no obstante, mientras las condiciones del nivel del rio no permitan al personal ingresar no se podr\u00e1 determinar y evaluar los da\u00f1os en las estructuras de las pasarelas. La reapertura podr\u00eda demorar por lo menos 2 meses aproximadamente.<\/p>\n\n\n\n<figure class=\"wp-block-image size-large\"><img loading=\"lazy\" decoding=\"async\" width=\"1024\" height=\"576\" src=\"https:\/\/actualizateiguazu.com\/v3\/wp-content\/uploads\/2023\/11\/IMG_20231102_102853375-1024x576.jpg\" alt=\"\" class=\"wp-image-41588\" srcset=\"https:\/\/actualizateiguazu.com\/v3\/wp-content\/uploads\/2023\/11\/IMG_20231102_102853375-1024x576.jpg 1024w, https:\/\/actualizateiguazu.com\/v3\/wp-content\/uploads\/2023\/11\/IMG_20231102_102853375-scaled-600x338.jpg 600w, https:\/\/actualizateiguazu.com\/v3\/wp-content\/uploads\/2023\/11\/IMG_20231102_102853375-300x169.jpg 300w, https:\/\/actualizateiguazu.com\/v3\/wp-content\/uploads\/2023\/11\/IMG_20231102_102853375-768x432.jpg 768w, https:\/\/actualizateiguazu.com\/v3\/wp-content\/uploads\/2023\/11\/IMG_20231102_102853375-1536x864.jpg 1536w, https:\/\/actualizateiguazu.com\/v3\/wp-content\/uploads\/2023\/11\/IMG_20231102_102853375-2048x1152.jpg 2048w, https:\/\/actualizateiguazu.com\/v3\/wp-content\/uploads\/2023\/11\/IMG_20231102_102853375-800x450.jpg 800w\" sizes=\"auto, (max-width: 1024px) 100vw, 1024px\" \/><\/figure>\n\n\n\n<p>En el caso del circuito superior al menos tres tramos de pasarela fueron arrastrados por el agua, los mismos ya fueron localizados, no obstante, el caudal de agua no permite la recuperaci\u00f3n inmediata de los mismos. Es por ello habilitaran este circuito de forma parcial hasta el salto Mbigua tal como era el circuito hasta el 2.014.<\/p>\n\n\n\n<p>Desde Iguaz\u00fa Argentina indicaron que esta planificada la reparaci\u00f3n del circuito en dos tramos, en principio se recuperara un tramo de la pasarela que corresponde al retorno y el sector de distribuci\u00f3n, con el fin de devolver la circulaci\u00f3n y luego se reparara la pasarela que lleva al salto San Martin. Cabe destacar que los trabajos de reparaci\u00f3n se podr\u00e1n realizar cuando el nivel de agua se mantenga en 2.000 metros c\u00fabicos por segundo.<\/p>\n\n\n\n<p>La crecida alcanzo su pico m\u00e1ximo el lunes 30 de octubre a las 10 de la ma\u00f1ana, la cota fue de 24.200 metros c\u00fabicos, desde ese momento comenz\u00f3 a bajar de forma progresiva alcanzando 11.600 metros c\u00fabicos el 2 de noviembre a las 16hs, esto permite el acceso seguro.<\/p>\n\n\n\n<p>Se recomienda a los visitantes adquirir sus tickets por el sitio web <a href=\"https:\/\/ventaweb.apn.gob.ar\/reserva\/inicio\">https:\/\/ventaweb.apn.gob.ar\/reserva\/inicio<\/a><\/p>\n","protected":false},"excerpt":{"rendered":"<p>Este jueves 2 de noviembre, y seg\u00fan lo previsto en la agenda institucional, personal de<\/p>\n","protected":false},"author":1,"featured_media":41589,"comment_status":"open","ping_status":"open","sticky":false,"template":"","format":"standard","meta":{"footnotes":""},"categories":[1,226],"tags":[],"class_list":["post-41586","post","type-post","status-publish","format-standard","has-post-thumbnail","hentry","category-actualidad","category-locales"],"_links":{"self":[{"href":"https:\/\/actualizateiguazu.com\/v3\/wp-json\/wp\/v2\/posts\/41586","targetHints":{"allow":["GET"]}}],"collection":[{"href":"https:\/\/actualizateiguazu.com\/v3\/wp-json\/wp\/v2\/posts"}],"about":[{"href":"https:\/\/actualizateiguazu.com\/v3\/wp-json\/wp\/v2\/types\/post"}],"author":[{"embeddable":true,"href":"https:\/\/actualizateiguazu.com\/v3\/wp-json\/wp\/v2\/users\/1"}],"replies":[{"embeddable":true,"href":"https:\/\/actualizateiguazu.com\/v3\/wp-json\/wp\/v2\/comments?post=41586"}],"version-history":[{"count":1,"href":"https:\/\/actualizateiguazu.com\/v3\/wp-json\/wp\/v2\/posts\/41586\/revisions"}],"predecessor-version":[{"id":41590,"href":"https:\/\/actualizateiguazu.com\/v3\/wp-json\/wp\/v2\/posts\/41586\/revisions\/41590"}],"wp:featuredmedia":[{"embeddable":true,"href":"https:\/\/actualizateiguazu.com\/v3\/wp-json\/wp\/v2\/media\/41589"}],"wp:attachment":[{"href":"https:\/\/actualizateiguazu.com\/v3\/wp-json\/wp\/v2\/media?parent=41586"}],"wp:term":[{"taxonomy":"category","embeddable":true,"href":"https:\/\/actualizateiguazu.com\/v3\/wp-json\/wp\/v2\/categories?post=41586"},{"taxonomy":"post_tag","embeddable":true,"href":"https:\/\/actualizateiguazu.com\/v3\/wp-json\/wp\/v2\/tags?post=41586"}],"curies":[{"name":"wp","href":"https:\/\/api.w.org\/{rel}","templated":true}]}}