{"id":41616,"date":"2023-11-03T18:41:14","date_gmt":"2023-11-03T21:41:14","guid":{"rendered":"https:\/\/actualizateiguazu.com\/v3\/?p=41616"},"modified":"2023-11-03T18:41:22","modified_gmt":"2023-11-03T21:41:22","slug":"convocan-a-los-ninos-a-celebrar-los-40-anos-de-la-guarderia-marta-schwarz-con-una-bicicleteada","status":"publish","type":"post","link":"https:\/\/actualizateiguazu.com\/v3\/2023\/11\/03\/convocan-a-los-ninos-a-celebrar-los-40-anos-de-la-guarderia-marta-schwarz-con-una-bicicleteada\/","title":{"rendered":"Convocan a los ni\u00f1os a celebrar los 40 a\u00f1os de la guarder\u00eda Marta Schwarz con una bicicleteada"},"content":{"rendered":"\n<p>El pr\u00f3ximo 24 de noviembre la Guarder\u00eda Marta Schwarz cumple 40 a\u00f1os de trabajo gratuito para la comunidad de Puerto Iguaz\u00fa, es por ello que planifican una serie de actividades para celebrar los 40 a\u00f1os del inicio de las actividades. Este s\u00e1bado esta prevista una bicicleteada para ni\u00f1os hasta 10 a\u00f1os la concentraci\u00f3n ser\u00e1 en el Hito de las Tres Fronteras.<\/p>\n\n\n\n<p>La bicicleteada Recreativa es organizada por la Asociaci\u00f3n Marta Schwarz y el Asociaci\u00f3n de Ciclistas Iguaz\u00fa (ACI), ser\u00e1 este s\u00e1bado a las 17hs, la concentraci\u00f3n ser\u00e1 en el Hito de las Tres Fronteras de donde partir\u00e1n. Recorrer\u00e1n diferentes avenidas hasta culminar el recorrida en la guarder\u00eda Marta Schwartz. El evento es gratuito, sin embrago se puede colaborar con juguetes y \u00fatiles para los ni\u00f1os que concurren a la instituci\u00f3n.<\/p>\n\n\n\n<figure class=\"wp-block-image size-large\"><img loading=\"lazy\" decoding=\"async\" width=\"1024\" height=\"576\" src=\"https:\/\/actualizateiguazu.com\/v3\/wp-content\/uploads\/2023\/11\/IMG_20231103_095216611-1024x576.jpg\" alt=\"\" class=\"wp-image-41617\" srcset=\"https:\/\/actualizateiguazu.com\/v3\/wp-content\/uploads\/2023\/11\/IMG_20231103_095216611-1024x576.jpg 1024w, https:\/\/actualizateiguazu.com\/v3\/wp-content\/uploads\/2023\/11\/IMG_20231103_095216611-scaled-600x338.jpg 600w, https:\/\/actualizateiguazu.com\/v3\/wp-content\/uploads\/2023\/11\/IMG_20231103_095216611-300x169.jpg 300w, https:\/\/actualizateiguazu.com\/v3\/wp-content\/uploads\/2023\/11\/IMG_20231103_095216611-768x432.jpg 768w, https:\/\/actualizateiguazu.com\/v3\/wp-content\/uploads\/2023\/11\/IMG_20231103_095216611-1536x864.jpg 1536w, https:\/\/actualizateiguazu.com\/v3\/wp-content\/uploads\/2023\/11\/IMG_20231103_095216611-2048x1152.jpg 2048w, https:\/\/actualizateiguazu.com\/v3\/wp-content\/uploads\/2023\/11\/IMG_20231103_095216611-800x450.jpg 800w\" sizes=\"auto, (max-width: 1024px) 100vw, 1024px\" \/><\/figure>\n\n\n\n<p>Esta es la primera actividad que realizar\u00e1 la Asociaci\u00f3n Marta Schwarz en el marco del aniversario de la guarder\u00eda, esta previsto que el d\u00eda 23 de noviembre el Grupo de Comunicadores y trabajadores de prensa realizar\u00e1 una marat\u00f3n solidaria con el fin de reunir donaciones para la guarder\u00eda. Adem\u00e1s, el d\u00eda 24, d\u00eda del aniversario est\u00e1 prevista una suelta de globos con mensajes con la participaci\u00f3n de los alumnos de diferentes jardines de infantes. Tambien, habr\u00e1 una cena aniversario, donde celebraran el aniversario junto a los benefactores de la instituci\u00f3n.<\/p>\n\n\n\n<p>Asimismo, desde la Asociaci\u00f3n, solicitan a los primeros alumnos de la guarder\u00eda que se presenten para celebrar el aniversario, para eso difundieron una lista de personas a fin de poder ubicarlos. Buscan a Marcela Elizabeth Aquino, Mar\u00eda Emilia Caballero, Graciela Cristaldo, Cristina Aurora Fonseca, Mabel Beatriz Joss, Yamila Vanessa Paredes, Elena Soledad Venialgo, Estela Maris Fleitas, Celso Daniel B\u00e1ez, Cristian Brites, Gustavo Daniel Cristaldo, Diego Maximiliano Cuadra, Esteban Alejandro Cuevas, V\u00edctor Daniel Joss, Jos\u00e9 Armando Nu\u00f1ez, Luis Alberto Nu\u00f1ez, Oscar Ra\u00fal Pereyra, Jorge Luis Cabrera.<\/p>\n\n\n\n<figure class=\"wp-block-image size-large\"><img loading=\"lazy\" decoding=\"async\" width=\"576\" height=\"1024\" src=\"https:\/\/actualizateiguazu.com\/v3\/wp-content\/uploads\/2023\/11\/IMG_20231103_095311112-576x1024.jpg\" alt=\"\" class=\"wp-image-41618\" srcset=\"https:\/\/actualizateiguazu.com\/v3\/wp-content\/uploads\/2023\/11\/IMG_20231103_095311112-576x1024.jpg 576w, https:\/\/actualizateiguazu.com\/v3\/wp-content\/uploads\/2023\/11\/IMG_20231103_095311112-scaled-600x1067.jpg 600w, https:\/\/actualizateiguazu.com\/v3\/wp-content\/uploads\/2023\/11\/IMG_20231103_095311112-169x300.jpg 169w, https:\/\/actualizateiguazu.com\/v3\/wp-content\/uploads\/2023\/11\/IMG_20231103_095311112-768x1365.jpg 768w, https:\/\/actualizateiguazu.com\/v3\/wp-content\/uploads\/2023\/11\/IMG_20231103_095311112-864x1536.jpg 864w, https:\/\/actualizateiguazu.com\/v3\/wp-content\/uploads\/2023\/11\/IMG_20231103_095311112-1152x2048.jpg 1152w, https:\/\/actualizateiguazu.com\/v3\/wp-content\/uploads\/2023\/11\/IMG_20231103_095311112-scaled.jpg 1440w\" sizes=\"auto, (max-width: 576px) 100vw, 576px\" \/><\/figure>\n\n\n\n<p>\u201cEstamos buscando a nuestros primeros alumnos, queremos invitarlos a compartir con nosotros la cena aniversario, los dem\u00e1s alumnos tambi\u00e9n pueden acercarse no es exclusivo para ellos. Pero nos encantar\u00eda poder volver a verlos\u201d indico Marta Seage, socia fundadora de la asociaci\u00f3n. Los exalumnos se pueden comunicar al 3757-335599 o al 3757-671128.<\/p>\n","protected":false},"excerpt":{"rendered":"<p>El pr\u00f3ximo 24 de noviembre la Guarder\u00eda Marta Schwarz cumple 40 a\u00f1os de trabajo gratuito<\/p>\n","protected":false},"author":1,"featured_media":41619,"comment_status":"open","ping_status":"open","sticky":false,"template":"","format":"standard","meta":{"footnotes":""},"categories":[1,226],"tags":[],"class_list":["post-41616","post","type-post","status-publish","format-standard","has-post-thumbnail","hentry","category-actualidad","category-locales"],"_links":{"self":[{"href":"https:\/\/actualizateiguazu.com\/v3\/wp-json\/wp\/v2\/posts\/41616","targetHints":{"allow":["GET"]}}],"collection":[{"href":"https:\/\/actualizateiguazu.com\/v3\/wp-json\/wp\/v2\/posts"}],"about":[{"href":"https:\/\/actualizateiguazu.com\/v3\/wp-json\/wp\/v2\/types\/post"}],"author":[{"embeddable":true,"href":"https:\/\/actualizateiguazu.com\/v3\/wp-json\/wp\/v2\/users\/1"}],"replies":[{"embeddable":true,"href":"https:\/\/actualizateiguazu.com\/v3\/wp-json\/wp\/v2\/comments?post=41616"}],"version-history":[{"count":1,"href":"https:\/\/actualizateiguazu.com\/v3\/wp-json\/wp\/v2\/posts\/41616\/revisions"}],"predecessor-version":[{"id":41620,"href":"https:\/\/actualizateiguazu.com\/v3\/wp-json\/wp\/v2\/posts\/41616\/revisions\/41620"}],"wp:featuredmedia":[{"embeddable":true,"href":"https:\/\/actualizateiguazu.com\/v3\/wp-json\/wp\/v2\/media\/41619"}],"wp:attachment":[{"href":"https:\/\/actualizateiguazu.com\/v3\/wp-json\/wp\/v2\/media?parent=41616"}],"wp:term":[{"taxonomy":"category","embeddable":true,"href":"https:\/\/actualizateiguazu.com\/v3\/wp-json\/wp\/v2\/categories?post=41616"},{"taxonomy":"post_tag","embeddable":true,"href":"https:\/\/actualizateiguazu.com\/v3\/wp-json\/wp\/v2\/tags?post=41616"}],"curies":[{"name":"wp","href":"https:\/\/api.w.org\/{rel}","templated":true}]}}