{"id":41694,"date":"2023-11-06T16:34:26","date_gmt":"2023-11-06T19:34:26","guid":{"rendered":"https:\/\/actualizateiguazu.com\/v3\/?p=41694"},"modified":"2023-11-06T16:34:57","modified_gmt":"2023-11-06T19:34:57","slug":"agricultura-familiar-destacan-el-proyecto-de-soberania-alimentaria-en-iguazu","status":"publish","type":"post","link":"https:\/\/actualizateiguazu.com\/v3\/2023\/11\/06\/agricultura-familiar-destacan-el-proyecto-de-soberania-alimentaria-en-iguazu\/","title":{"rendered":"Agricultura Familiar: destacan el proyecto de soberan\u00eda alimentaria en Iguaz\u00fa"},"content":{"rendered":"\n<p>A un mes de la puesta en funcionamiento del Mercado de la Soberan\u00eda Alimentaria (MeSA) en Puerto Iguaz\u00fa, el balance fue sumamente positivo. 20 emprendedores y productores agroecol\u00f3gicos han duplicado sus ventas, principalmente de frutas, verduras, productos envasados y artesan\u00edas. Es importante destacar que todos los productos hort\u00edcolas cuentan con el certificado de productos agroecol\u00f3gicos o en transici\u00f3n. Esto garantiza a los consumidores que est\u00e1n adquiriendo alimentos cultivados de manera sostenible y respetuosa con el ambiente.<\/p>\n\n\n\n<p>Ante la creciente demanda de los consumidores, los productores han solicitado incrementar la cantidad de d\u00edas de venta. Como respuesta a esta solicitud, se ha establecido que el m\u00f3dulo 1 del MeSa estar\u00e1 abierto todos los d\u00edas, de 8 a 12 y de 18 a 21 horas. Por su parte, el m\u00f3dulo 2 abrir\u00e1 sus puertas los lunes, mi\u00e9rcoles, viernes y s\u00e1bados, tambi\u00e9n en el mismo horario.<\/p>\n\n\n\n<p>Adem\u00e1s de las buenas noticias en cuanto a las ventas, se ha presentado una herramienta digital llamada Yvy, desarrollada por la Fundaci\u00f3n Plan 21. Esta herramienta permitir\u00e1 a los productores llevar un registro organizado de su proceso de producci\u00f3n en agricultura regenerativa.<\/p>\n\n\n\n<p>Asimimo, podr\u00e1n compartir informaci\u00f3n valiosa con otros productores y difundir sus productos directamente con los consumidores finales. Esta iniciativa busca fomentar la colaboraci\u00f3n y el intercambio de conocimientos entre los productores, fortaleciendo as\u00ed a la comunidad agr\u00edcola de Puerto Iguaz\u00fa.<\/p>\n\n\n\n<p>La instalaci\u00f3n del MeSA tuvo un impacto significativo en la visibilizaci\u00f3n de los productos de la agricultura familiar, la econom\u00eda popular, social y solidaria. Se promovi\u00f3 un v\u00ednculo estrecho entre los productores, los consumidores y los gobiernos locales en distintas escalas y esferas. Esta colaboraci\u00f3n tiene como objetivo brindar oportunidades de generaci\u00f3n de ingresos y trabajo en la Provincia.<\/p>\n","protected":false},"excerpt":{"rendered":"<p>A un mes de la puesta en funcionamiento del Mercado de la Soberan\u00eda Alimentaria (MeSA)<\/p>\n","protected":false},"author":1,"featured_media":41695,"comment_status":"open","ping_status":"open","sticky":false,"template":"","format":"standard","meta":{"footnotes":""},"categories":[1,226],"tags":[],"class_list":["post-41694","post","type-post","status-publish","format-standard","has-post-thumbnail","hentry","category-actualidad","category-locales"],"_links":{"self":[{"href":"https:\/\/actualizateiguazu.com\/v3\/wp-json\/wp\/v2\/posts\/41694","targetHints":{"allow":["GET"]}}],"collection":[{"href":"https:\/\/actualizateiguazu.com\/v3\/wp-json\/wp\/v2\/posts"}],"about":[{"href":"https:\/\/actualizateiguazu.com\/v3\/wp-json\/wp\/v2\/types\/post"}],"author":[{"embeddable":true,"href":"https:\/\/actualizateiguazu.com\/v3\/wp-json\/wp\/v2\/users\/1"}],"replies":[{"embeddable":true,"href":"https:\/\/actualizateiguazu.com\/v3\/wp-json\/wp\/v2\/comments?post=41694"}],"version-history":[{"count":1,"href":"https:\/\/actualizateiguazu.com\/v3\/wp-json\/wp\/v2\/posts\/41694\/revisions"}],"predecessor-version":[{"id":41696,"href":"https:\/\/actualizateiguazu.com\/v3\/wp-json\/wp\/v2\/posts\/41694\/revisions\/41696"}],"wp:featuredmedia":[{"embeddable":true,"href":"https:\/\/actualizateiguazu.com\/v3\/wp-json\/wp\/v2\/media\/41695"}],"wp:attachment":[{"href":"https:\/\/actualizateiguazu.com\/v3\/wp-json\/wp\/v2\/media?parent=41694"}],"wp:term":[{"taxonomy":"category","embeddable":true,"href":"https:\/\/actualizateiguazu.com\/v3\/wp-json\/wp\/v2\/categories?post=41694"},{"taxonomy":"post_tag","embeddable":true,"href":"https:\/\/actualizateiguazu.com\/v3\/wp-json\/wp\/v2\/tags?post=41694"}],"curies":[{"name":"wp","href":"https:\/\/api.w.org\/{rel}","templated":true}]}}