{"id":41701,"date":"2023-11-06T21:26:27","date_gmt":"2023-11-07T00:26:27","guid":{"rendered":"https:\/\/actualizateiguazu.com\/v3\/?p=41701"},"modified":"2023-11-06T21:26:28","modified_gmt":"2023-11-07T00:26:28","slug":"la-represa-urugua-i-supero-la-cota-maxima-y-las-aguas-caen-por-el-vertedero","status":"publish","type":"post","link":"https:\/\/actualizateiguazu.com\/v3\/2023\/11\/06\/la-represa-urugua-i-supero-la-cota-maxima-y-las-aguas-caen-por-el-vertedero\/","title":{"rendered":"La represa Urugua-\u00ed super\u00f3 la cota m\u00e1xima y las aguas caen por el vertedero"},"content":{"rendered":"\n<p>En la tarde de ayer el agua del embalse de la represa hidroel\u00e9ctrica Urugua\u00ed de Puerto Libertad, llego a su cota m\u00e1xima de 197 metros sobre el nivel del mar, desde ese momento se puede notar como se escurren las aguas que superan el dique. Muchas personas de las zona y turistas se detuvieron a hacer fotos y videos.<\/p>\n\n\n\n<p>Desde la represa indicaron que el nivel de agua se que es vertido es m\u00ednimo, y que no se espera por el momento que la cantidad de agua aumente de forma considerable. \u201cDebido a la crecida del lago, en estos momentos se puede ver como se vierte la excedente agua ya que superamos la cota de 197 metros sobre el nivel del mar. No se esperan un gran volumen de agua. Cabe destacar que el m\u00e1ximo que tengo registro es de 60 cm\u201d explico Rodrigo Hobecker jefe de Urugua-\u00ed<\/p>\n\n\n\n<p>Cabe destacar que el Aprovechamiento Hidroel\u00e9ctrico del Arroyo Urugua-\u00ed es la obra hidr\u00e1ulica de mayor importancia construida en la provincia de Misiones. La finalidad de este emprendimiento es la generaci\u00f3n de energ\u00eda el\u00e9ctrica para su consumo a nivel provincial.<\/p>\n\n\n\n<p>La conexi\u00f3n de esta central de 116 MW de potencia instalada y de 355 GWH de generaci\u00f3n media anual (seg\u00fan estudios previos) aportable al sistema provincial, contribuye en gran medida a solucionar los problemas energ\u00e9ticos a ese nivel.<\/p>\n\n\n\n<p>Desde el a\u00f1o 1990 provee de energ\u00eda al Sistema Interconectado Provincial de Misiones cubriendo actualmente entre el 25 y el 30 por ciento de la demanda mensual de la Provincia. La represa es administrada desde el a\u00f1o 2004 por la prestataria del servicio de energ\u00eda el\u00e9ctrica de Misiones EMSA (Electricidad de Misiones S.A)<\/p>\n","protected":false},"excerpt":{"rendered":"<p>En la tarde de ayer el agua del embalse de la represa hidroel\u00e9ctrica Urugua\u00ed de<\/p>\n","protected":false},"author":1,"featured_media":41702,"comment_status":"open","ping_status":"open","sticky":false,"template":"","format":"standard","meta":{"footnotes":""},"categories":[1,226],"tags":[],"class_list":["post-41701","post","type-post","status-publish","format-standard","has-post-thumbnail","hentry","category-actualidad","category-locales"],"_links":{"self":[{"href":"https:\/\/actualizateiguazu.com\/v3\/wp-json\/wp\/v2\/posts\/41701","targetHints":{"allow":["GET"]}}],"collection":[{"href":"https:\/\/actualizateiguazu.com\/v3\/wp-json\/wp\/v2\/posts"}],"about":[{"href":"https:\/\/actualizateiguazu.com\/v3\/wp-json\/wp\/v2\/types\/post"}],"author":[{"embeddable":true,"href":"https:\/\/actualizateiguazu.com\/v3\/wp-json\/wp\/v2\/users\/1"}],"replies":[{"embeddable":true,"href":"https:\/\/actualizateiguazu.com\/v3\/wp-json\/wp\/v2\/comments?post=41701"}],"version-history":[{"count":1,"href":"https:\/\/actualizateiguazu.com\/v3\/wp-json\/wp\/v2\/posts\/41701\/revisions"}],"predecessor-version":[{"id":41703,"href":"https:\/\/actualizateiguazu.com\/v3\/wp-json\/wp\/v2\/posts\/41701\/revisions\/41703"}],"wp:featuredmedia":[{"embeddable":true,"href":"https:\/\/actualizateiguazu.com\/v3\/wp-json\/wp\/v2\/media\/41702"}],"wp:attachment":[{"href":"https:\/\/actualizateiguazu.com\/v3\/wp-json\/wp\/v2\/media?parent=41701"}],"wp:term":[{"taxonomy":"category","embeddable":true,"href":"https:\/\/actualizateiguazu.com\/v3\/wp-json\/wp\/v2\/categories?post=41701"},{"taxonomy":"post_tag","embeddable":true,"href":"https:\/\/actualizateiguazu.com\/v3\/wp-json\/wp\/v2\/tags?post=41701"}],"curies":[{"name":"wp","href":"https:\/\/api.w.org\/{rel}","templated":true}]}}