{"id":42148,"date":"2023-11-21T12:07:18","date_gmt":"2023-11-21T15:07:18","guid":{"rendered":"https:\/\/actualizateiguazu.com\/v3\/?p=42148"},"modified":"2023-11-21T12:07:19","modified_gmt":"2023-11-21T15:07:19","slug":"se-multiplican-las-quejas-por-el-mal-estado-de-la-avenida-nestor-kirchner-y-las-calles-del-barrio-nuevo-iguazu","status":"publish","type":"post","link":"https:\/\/actualizateiguazu.com\/v3\/2023\/11\/21\/se-multiplican-las-quejas-por-el-mal-estado-de-la-avenida-nestor-kirchner-y-las-calles-del-barrio-nuevo-iguazu\/","title":{"rendered":"Se multiplican las quejas por el mal estado de la avenida N\u00e9stor Kirchner y las calles del barrio Nuevo Iguaz\u00fa"},"content":{"rendered":"\n<p>La falta de mantenimiento de las calles y avenidas de la ciudad son cada vez mas evidentes, las lluvias registradas potenciaron a un m\u00e1s los problemas en las calles internas del barrio Nuevo Iguaz\u00fa. Ante el mal estado y la falta de respuesta del municipio los vecinos no dudan en recurrir a las redes sociales y a los medios de comunicaci\u00f3n para visibilizar los problemas con los que conviven a diario.<\/p>\n\n\n\n<p>Una de las promesas de campa\u00f1a fue el reasfaltado de la avenida Nestor Kirchner en toda su longitud, esta avenida es muy transitada ya que dicha arteria comunica a grandes barrios populosos. EL municipio reparo el asfalto solamente en cercan\u00edas a la estaci\u00f3n de servicio y prometi\u00f3 el reaslfaltado a lo largo de la arteria, sin embargo, tanto vialidad provincial como la empresa Borcon suspendieron todos los trabajos de asfalto en el mes de agosto. Actualmente el sector desde la escuela 818 hasta el inicio de las viviendas del barrio Las Le\u00f1as y la zona de la rotonda al final de la misma est\u00e1n intransitables.<\/p>\n\n\n\n<figure class=\"wp-block-image size-large\"><img loading=\"lazy\" decoding=\"async\" width=\"1024\" height=\"546\" src=\"https:\/\/actualizateiguazu.com\/v3\/wp-content\/uploads\/2023\/11\/WhatsApp-Image-2023-11-16-at-8.01.09-AM-1024x546.jpeg\" alt=\"\" class=\"wp-image-42149\" srcset=\"https:\/\/actualizateiguazu.com\/v3\/wp-content\/uploads\/2023\/11\/WhatsApp-Image-2023-11-16-at-8.01.09-AM-1024x546.jpeg 1024w, https:\/\/actualizateiguazu.com\/v3\/wp-content\/uploads\/2023\/11\/WhatsApp-Image-2023-11-16-at-8.01.09-AM-600x320.jpeg 600w, https:\/\/actualizateiguazu.com\/v3\/wp-content\/uploads\/2023\/11\/WhatsApp-Image-2023-11-16-at-8.01.09-AM-300x160.jpeg 300w, https:\/\/actualizateiguazu.com\/v3\/wp-content\/uploads\/2023\/11\/WhatsApp-Image-2023-11-16-at-8.01.09-AM-768x409.jpeg 768w, https:\/\/actualizateiguazu.com\/v3\/wp-content\/uploads\/2023\/11\/WhatsApp-Image-2023-11-16-at-8.01.09-AM.jpeg 1280w\" sizes=\"auto, (max-width: 1024px) 100vw, 1024px\" \/><\/figure>\n\n\n\n<p>Seg\u00fan pudo averiguar este medio las obras deber\u00edan reanudarse, no obstante, no dieron a conocer las fechas. El gobernador indico que todas las obras est\u00e1n licitadas y adjudicadas, pero est\u00e1n atrasadas. Los vecinos de la zona temen que luego de que Oscar Herrera Ahuad finalice su mandato estas obras no se concreten, tal como parece que ocurrir\u00e1 con la rotonda en avenida Papa Francisco.<\/p>\n\n\n\n<p>Si bien, el municipio se comprometi\u00f3 en poner en condiciones las calles internas del barrio Nuevo Iguaz\u00fa despu\u00e9s de un grupo de vecinos impidi\u00f3 el ingreso de camiones a la tosquera unos d\u00edas antes de las elecciones generales de la provincia a fines del mes de abril, en ese momento, realizaron algunos arreglos, sin embargo, no fueron suficientes. Nuevamente en el mes de agosto el presidente del barrio solicito los arreglos de las calles internas del barrio, pero hasta le momento no obtuvieron respuestas.<\/p>\n\n\n\n<figure class=\"wp-block-image size-large\"><img loading=\"lazy\" decoding=\"async\" width=\"1024\" height=\"768\" src=\"https:\/\/actualizateiguazu.com\/v3\/wp-content\/uploads\/2023\/11\/WhatsApp-Image-2023-11-17-at-11.38.56-AM-1024x768.jpeg\" alt=\"\" class=\"wp-image-42153\" srcset=\"https:\/\/actualizateiguazu.com\/v3\/wp-content\/uploads\/2023\/11\/WhatsApp-Image-2023-11-17-at-11.38.56-AM-1024x768.jpeg 1024w, https:\/\/actualizateiguazu.com\/v3\/wp-content\/uploads\/2023\/11\/WhatsApp-Image-2023-11-17-at-11.38.56-AM-600x450.jpeg 600w, https:\/\/actualizateiguazu.com\/v3\/wp-content\/uploads\/2023\/11\/WhatsApp-Image-2023-11-17-at-11.38.56-AM-300x225.jpeg 300w, https:\/\/actualizateiguazu.com\/v3\/wp-content\/uploads\/2023\/11\/WhatsApp-Image-2023-11-17-at-11.38.56-AM-768x576.jpeg 768w, https:\/\/actualizateiguazu.com\/v3\/wp-content\/uploads\/2023\/11\/WhatsApp-Image-2023-11-17-at-11.38.56-AM-1536x1152.jpeg 1536w, https:\/\/actualizateiguazu.com\/v3\/wp-content\/uploads\/2023\/11\/WhatsApp-Image-2023-11-17-at-11.38.56-AM-720x540.jpeg 720w, https:\/\/actualizateiguazu.com\/v3\/wp-content\/uploads\/2023\/11\/WhatsApp-Image-2023-11-17-at-11.38.56-AM.jpeg 1600w\" sizes=\"auto, (max-width: 1024px) 100vw, 1024px\" \/><\/figure>\n\n\n\n<p>\u201cestamos cansados de pedir y reclamar, mientras tanto no se puede transitar en veh\u00edculo y caminando cuando llueve es imposible. Necesitamos que vengan con las maquinas a arreglar las calles y que programen mantenimientos m\u00ednimamente cada 6 meses\u201d indicaron<\/p>\n","protected":false},"excerpt":{"rendered":"<p>La falta de mantenimiento de las calles y avenidas de la ciudad son cada vez<\/p>\n","protected":false},"author":1,"featured_media":42150,"comment_status":"open","ping_status":"open","sticky":false,"template":"","format":"standard","meta":{"footnotes":""},"categories":[1,226],"tags":[],"class_list":["post-42148","post","type-post","status-publish","format-standard","has-post-thumbnail","hentry","category-actualidad","category-locales"],"_links":{"self":[{"href":"https:\/\/actualizateiguazu.com\/v3\/wp-json\/wp\/v2\/posts\/42148","targetHints":{"allow":["GET"]}}],"collection":[{"href":"https:\/\/actualizateiguazu.com\/v3\/wp-json\/wp\/v2\/posts"}],"about":[{"href":"https:\/\/actualizateiguazu.com\/v3\/wp-json\/wp\/v2\/types\/post"}],"author":[{"embeddable":true,"href":"https:\/\/actualizateiguazu.com\/v3\/wp-json\/wp\/v2\/users\/1"}],"replies":[{"embeddable":true,"href":"https:\/\/actualizateiguazu.com\/v3\/wp-json\/wp\/v2\/comments?post=42148"}],"version-history":[{"count":1,"href":"https:\/\/actualizateiguazu.com\/v3\/wp-json\/wp\/v2\/posts\/42148\/revisions"}],"predecessor-version":[{"id":42154,"href":"https:\/\/actualizateiguazu.com\/v3\/wp-json\/wp\/v2\/posts\/42148\/revisions\/42154"}],"wp:featuredmedia":[{"embeddable":true,"href":"https:\/\/actualizateiguazu.com\/v3\/wp-json\/wp\/v2\/media\/42150"}],"wp:attachment":[{"href":"https:\/\/actualizateiguazu.com\/v3\/wp-json\/wp\/v2\/media?parent=42148"}],"wp:term":[{"taxonomy":"category","embeddable":true,"href":"https:\/\/actualizateiguazu.com\/v3\/wp-json\/wp\/v2\/categories?post=42148"},{"taxonomy":"post_tag","embeddable":true,"href":"https:\/\/actualizateiguazu.com\/v3\/wp-json\/wp\/v2\/tags?post=42148"}],"curies":[{"name":"wp","href":"https:\/\/api.w.org\/{rel}","templated":true}]}}