{"id":42172,"date":"2023-11-22T13:54:21","date_gmt":"2023-11-22T16:54:21","guid":{"rendered":"https:\/\/actualizateiguazu.com\/v3\/?p=42172"},"modified":"2023-11-22T13:54:22","modified_gmt":"2023-11-22T16:54:22","slug":"campeones-y-subcampeones-de-la-formula-renault-con-pase-directo-a-categorias-nacionales","status":"publish","type":"post","link":"https:\/\/actualizateiguazu.com\/v3\/2023\/11\/22\/campeones-y-subcampeones-de-la-formula-renault-con-pase-directo-a-categorias-nacionales\/","title":{"rendered":"Campeones y Subcampeones de la Formula Renault con pase directo a categor\u00edas nacionales"},"content":{"rendered":"\n<p>Tras un acuerdo los campeones y subcampeones de la Formula Renault Misionera tendr\u00e1n la oportunidad de hacer realidad sus sue\u00f1os, participar \u201cdirectamente\u201d en categor\u00edas nacionales. La gesti\u00f3n la inicio el piloto Rudi Bundziak, coordinador de la categor\u00eda provincial y Campe\u00f3n del TC Pista Mouras, con dirigentes de la ACTC la que mediante un comunicado oficial dio el anuncio.<\/p>\n\n\n\n<p>La federaci\u00f3n decidi\u00f3 autorizar al Campe\u00f3n de la Formula Renault Misionera a participar en la categor\u00eda TC Mouras y al Subcampe\u00f3n de la Formula Renault Misionera en la categor\u00eda TC Pista Mouras. Un \u201caliciente\u201d m\u00e1s para los pilotos que desean proyectarse a nivel nacional.<\/p>\n\n\n\n<p>La Formula Renault Misionera fue presentada en oficialmente en Posadas cuando se disputo la pen\u00faltima fecha del campeonato de pista y que, en Ober\u00e1, los d\u00edas 2 y 3 de diciembre, realizara su primera \u201ccarrera presentaci\u00f3n\u201d. El campeonato dar\u00e1 inicio el a\u00f1o entrante (2024) por lo que sus campeones y subcampeones podr\u00e1n estar compitiendo directamente a nivel nacional en el 2025.<\/p>\n\n\n\n<p>Se espera que sea el paso fundamental del semillero del karting hacia el automovilismo mayor y es parte de un proceso de fortalecimiento del deporte motor apuntalado por el gobernador Oscar Herrera Ahuad a lo largo de su gesti\u00f3n. La FeMAD agradeci\u00f3 al piloto Bundziak y a los directivos de la ACTC por tener en cuenta, e incentivar, a los futuros pilotos de la flamante categor\u00eda<\/p>\n","protected":false},"excerpt":{"rendered":"<p>Tras un acuerdo los campeones y subcampeones de la Formula Renault Misionera tendr\u00e1n la oportunidad<\/p>\n","protected":false},"author":1,"featured_media":42173,"comment_status":"open","ping_status":"open","sticky":false,"template":"","format":"standard","meta":{"footnotes":""},"categories":[1,223,229],"tags":[],"class_list":["post-42172","post","type-post","status-publish","format-standard","has-post-thumbnail","hentry","category-actualidad","category-deportes","category-provinciales"],"_links":{"self":[{"href":"https:\/\/actualizateiguazu.com\/v3\/wp-json\/wp\/v2\/posts\/42172","targetHints":{"allow":["GET"]}}],"collection":[{"href":"https:\/\/actualizateiguazu.com\/v3\/wp-json\/wp\/v2\/posts"}],"about":[{"href":"https:\/\/actualizateiguazu.com\/v3\/wp-json\/wp\/v2\/types\/post"}],"author":[{"embeddable":true,"href":"https:\/\/actualizateiguazu.com\/v3\/wp-json\/wp\/v2\/users\/1"}],"replies":[{"embeddable":true,"href":"https:\/\/actualizateiguazu.com\/v3\/wp-json\/wp\/v2\/comments?post=42172"}],"version-history":[{"count":1,"href":"https:\/\/actualizateiguazu.com\/v3\/wp-json\/wp\/v2\/posts\/42172\/revisions"}],"predecessor-version":[{"id":42174,"href":"https:\/\/actualizateiguazu.com\/v3\/wp-json\/wp\/v2\/posts\/42172\/revisions\/42174"}],"wp:featuredmedia":[{"embeddable":true,"href":"https:\/\/actualizateiguazu.com\/v3\/wp-json\/wp\/v2\/media\/42173"}],"wp:attachment":[{"href":"https:\/\/actualizateiguazu.com\/v3\/wp-json\/wp\/v2\/media?parent=42172"}],"wp:term":[{"taxonomy":"category","embeddable":true,"href":"https:\/\/actualizateiguazu.com\/v3\/wp-json\/wp\/v2\/categories?post=42172"},{"taxonomy":"post_tag","embeddable":true,"href":"https:\/\/actualizateiguazu.com\/v3\/wp-json\/wp\/v2\/tags?post=42172"}],"curies":[{"name":"wp","href":"https:\/\/api.w.org\/{rel}","templated":true}]}}