{"id":42243,"date":"2023-11-24T16:36:58","date_gmt":"2023-11-24T19:36:58","guid":{"rendered":"https:\/\/actualizateiguazu.com\/v3\/?p=42243"},"modified":"2023-11-24T16:36:59","modified_gmt":"2023-11-24T19:36:59","slug":"manana-se-realizara-la-marcha-del-orgullo-en-puerto-iguazu","status":"publish","type":"post","link":"https:\/\/actualizateiguazu.com\/v3\/2023\/11\/24\/manana-se-realizara-la-marcha-del-orgullo-en-puerto-iguazu\/","title":{"rendered":"Ma\u00f1ana se realizar\u00e1 la marcha del orgullo en Puerto Iguaz\u00fa"},"content":{"rendered":"\n<p>En el D\u00eda del Orgullo L\u00e9sbico Gay Bisexual Trans (LGBTTIQ+), es el 28 de junio, se remonta al a\u00f1o 1969 cuando en un bar de Nueva York llamado Stonewall, gays, lesbianas, bisexuales y transexuales, intersexuales, queers (LGBTTIQ+) cansados de los continuos hostigamientos de la polic\u00eda, decidieron enfrentarla, rebel\u00e1ndose contra un sistema pol\u00edtico que avalaba la discriminaci\u00f3n, la persecuci\u00f3n, el hostigamiento y la violencia sistem\u00e1tica contra la comunidad. En argentina desde el a\u00f1o 1992 la marcha se realiza el primer s\u00e1bado del mes. En Iguaz\u00fa, se realizar\u00e1 este s\u00e1bado a partir de las 16hs.<\/p>\n\n\n\n<p>La noci\u00f3n b\u00e1sica del \u00aborgullo LGBTTIQ+\u00bb consiste en que ninguna persona debe avergonzarse de lo que es, cualquiera sea su sexo, orientaci\u00f3n sexual o identidad sexual. El t\u00e9rmino \u201cOrgullo\u201d, tiene m\u00e1s sentido, desde un punto de vista filol\u00f3gico, en ingl\u00e9s que en espa\u00f1ol. En efecto, la idea que parece transmitir este concepto es m\u00e1s bien la de una dignidad intr\u00ednseca de cada ser humano, que no debe verse afectada por su conducta ni orientaci\u00f3n sexual.<\/p>\n\n\n\n<p>Con el objetivo de visibilizar el orgullo de la comunidad LGBTIQ+, La Direcci\u00f3n de Diversidad de la municipalidad de Puerto Iguaz\u00fa invita a la comunidad a sumarse a la 3ra edici\u00f3n de la Marcha del Orgullo LGBTIQ+. La convocatoria esta prevista para las 16 horas en la plaza San Martin, all\u00ed al ritmo del Dj CubanoTronic se organizar\u00e1 la caminata que finalizara en el anfiteatro Ramon Ayala donde artistas se presentar\u00e1n y compartir\u00e1n una jornada de reivindicaci\u00f3n de los derechos adquiridos por la comunidad.<\/p>\n\n\n\n<figure class=\"wp-block-image size-large\"><img loading=\"lazy\" decoding=\"async\" width=\"1024\" height=\"576\" src=\"https:\/\/actualizateiguazu.com\/v3\/wp-content\/uploads\/2023\/11\/IMG_20221126_193235623-1024x576.jpg\" alt=\"\" class=\"wp-image-42244\" srcset=\"https:\/\/actualizateiguazu.com\/v3\/wp-content\/uploads\/2023\/11\/IMG_20221126_193235623-1024x576.jpg 1024w, https:\/\/actualizateiguazu.com\/v3\/wp-content\/uploads\/2023\/11\/IMG_20221126_193235623-scaled-600x338.jpg 600w, https:\/\/actualizateiguazu.com\/v3\/wp-content\/uploads\/2023\/11\/IMG_20221126_193235623-300x169.jpg 300w, https:\/\/actualizateiguazu.com\/v3\/wp-content\/uploads\/2023\/11\/IMG_20221126_193235623-768x432.jpg 768w, https:\/\/actualizateiguazu.com\/v3\/wp-content\/uploads\/2023\/11\/IMG_20221126_193235623-1536x864.jpg 1536w, https:\/\/actualizateiguazu.com\/v3\/wp-content\/uploads\/2023\/11\/IMG_20221126_193235623-2048x1152.jpg 2048w, https:\/\/actualizateiguazu.com\/v3\/wp-content\/uploads\/2023\/11\/IMG_20221126_193235623-800x450.jpg 800w\" sizes=\"auto, (max-width: 1024px) 100vw, 1024px\" \/><\/figure>\n\n\n\n<p>Tambi\u00e9n se suma al reclamo por la no violencia, el respeto de la diversidad sexual, la libertad para decidir sobre el propio cuerpo, el derecho a la identidad, la protecci\u00f3n, el reconocimiento de todas las familias y por el pleno acceso a todos los derechos que aseguren la inclusi\u00f3n ciudadana.<\/p>\n\n\n\n<p>Grilla de artistas en el Anfiteatro Ramon Ayala:<\/p>\n\n\n\n<p>Hannablody<\/p>\n\n\n\n<p>Mikki Mardoxx<\/p>\n\n\n\n<p>UnderTango Club<\/p>\n\n\n\n<p>Lauti<\/p>\n\n\n\n<p>Desire<\/p>\n\n\n\n<p>Alejandra C.<\/p>\n\n\n\n<p>Dana<\/p>\n\n\n\n<p>Rodraga<\/p>\n\n\n\n<p>Set Of Ligths<\/p>\n\n\n\n<p>After Glow<\/p>\n\n\n\n<p>Pame Monserat<\/p>\n\n\n\n<p>Amazonita<\/p>\n\n\n\n<p>Alex<\/p>\n\n\n\n<p>Sofia Ariel<\/p>\n\n\n\n<p>Kesya Lavinia<\/p>\n\n\n\n<p>Psicotika<\/p>\n\n\n\n<p>Maty<\/p>\n","protected":false},"excerpt":{"rendered":"<p>En el D\u00eda del Orgullo L\u00e9sbico Gay Bisexual Trans (LGBTTIQ+), es el 28 de junio,<\/p>\n","protected":false},"author":1,"featured_media":42245,"comment_status":"open","ping_status":"open","sticky":false,"template":"","format":"standard","meta":{"footnotes":""},"categories":[1,226],"tags":[],"class_list":["post-42243","post","type-post","status-publish","format-standard","has-post-thumbnail","hentry","category-actualidad","category-locales"],"_links":{"self":[{"href":"https:\/\/actualizateiguazu.com\/v3\/wp-json\/wp\/v2\/posts\/42243","targetHints":{"allow":["GET"]}}],"collection":[{"href":"https:\/\/actualizateiguazu.com\/v3\/wp-json\/wp\/v2\/posts"}],"about":[{"href":"https:\/\/actualizateiguazu.com\/v3\/wp-json\/wp\/v2\/types\/post"}],"author":[{"embeddable":true,"href":"https:\/\/actualizateiguazu.com\/v3\/wp-json\/wp\/v2\/users\/1"}],"replies":[{"embeddable":true,"href":"https:\/\/actualizateiguazu.com\/v3\/wp-json\/wp\/v2\/comments?post=42243"}],"version-history":[{"count":1,"href":"https:\/\/actualizateiguazu.com\/v3\/wp-json\/wp\/v2\/posts\/42243\/revisions"}],"predecessor-version":[{"id":42246,"href":"https:\/\/actualizateiguazu.com\/v3\/wp-json\/wp\/v2\/posts\/42243\/revisions\/42246"}],"wp:featuredmedia":[{"embeddable":true,"href":"https:\/\/actualizateiguazu.com\/v3\/wp-json\/wp\/v2\/media\/42245"}],"wp:attachment":[{"href":"https:\/\/actualizateiguazu.com\/v3\/wp-json\/wp\/v2\/media?parent=42243"}],"wp:term":[{"taxonomy":"category","embeddable":true,"href":"https:\/\/actualizateiguazu.com\/v3\/wp-json\/wp\/v2\/categories?post=42243"},{"taxonomy":"post_tag","embeddable":true,"href":"https:\/\/actualizateiguazu.com\/v3\/wp-json\/wp\/v2\/tags?post=42243"}],"curies":[{"name":"wp","href":"https:\/\/api.w.org\/{rel}","templated":true}]}}