{"id":42247,"date":"2023-11-24T18:37:44","date_gmt":"2023-11-24T21:37:44","guid":{"rendered":"https:\/\/actualizateiguazu.com\/v3\/?p=42247"},"modified":"2023-11-24T18:37:44","modified_gmt":"2023-11-24T21:37:44","slug":"estamos-con-vos-con-gran-convocatoria-en-el-barrio-santa-helena","status":"publish","type":"post","link":"https:\/\/actualizateiguazu.com\/v3\/2023\/11\/24\/estamos-con-vos-con-gran-convocatoria-en-el-barrio-santa-helena\/","title":{"rendered":"Estamos con Vos: con gran convocatoria en el barrio Santa Helena"},"content":{"rendered":"\n<p>Un nuevo operativo de Estamos con Vos, que lleva adelante el IPLyC, se realiz\u00f3 durante la ma\u00f1ana de este viernes en el CEP N\u00b0 11, en el barrio Santa Helena, donde se acercaron servicios integrales de salud y de asesoramiento.<\/p>\n\n\n\n<p>Desde la apertura de la iniciativa, a las 8, hubo una gran concurrencia de vecinos de la zona.<\/p>\n\n\n\n<p>La atenci\u00f3n m\u00e9dica fue la m\u00e1s solicitada. Oftalmolog\u00eda y m\u00e9dico cl\u00ednico registraron una fuerte demanda. En ambos casos, para controles.<\/p>\n\n\n\n<p>En la misma l\u00ednea, los controles de talla y peso y de atenci\u00f3n pedi\u00e1trica tuvieron una gran asistencia de vecinos, quienes destacaron el acercamiento de las instituciones al barrio.<\/p>\n\n\n\n<figure class=\"wp-block-image size-large\"><img loading=\"lazy\" decoding=\"async\" width=\"1024\" height=\"768\" src=\"https:\/\/actualizateiguazu.com\/v3\/wp-content\/uploads\/2023\/11\/Estamos-con-vos-B\u00b0-Santa-Helena-2-1024x768.jpg\" alt=\"\" class=\"wp-image-42249\" srcset=\"https:\/\/actualizateiguazu.com\/v3\/wp-content\/uploads\/2023\/11\/Estamos-con-vos-B\u00b0-Santa-Helena-2-1024x768.jpg 1024w, https:\/\/actualizateiguazu.com\/v3\/wp-content\/uploads\/2023\/11\/Estamos-con-vos-B\u00b0-Santa-Helena-2-600x450.jpg 600w, https:\/\/actualizateiguazu.com\/v3\/wp-content\/uploads\/2023\/11\/Estamos-con-vos-B\u00b0-Santa-Helena-2-300x225.jpg 300w, https:\/\/actualizateiguazu.com\/v3\/wp-content\/uploads\/2023\/11\/Estamos-con-vos-B\u00b0-Santa-Helena-2-768x576.jpg 768w, https:\/\/actualizateiguazu.com\/v3\/wp-content\/uploads\/2023\/11\/Estamos-con-vos-B\u00b0-Santa-Helena-2-1536x1152.jpg 1536w, https:\/\/actualizateiguazu.com\/v3\/wp-content\/uploads\/2023\/11\/Estamos-con-vos-B\u00b0-Santa-Helena-2-720x540.jpg 720w, https:\/\/actualizateiguazu.com\/v3\/wp-content\/uploads\/2023\/11\/Estamos-con-vos-B\u00b0-Santa-Helena-2.jpg 2048w\" sizes=\"auto, (max-width: 1024px) 100vw, 1024px\" \/><\/figure>\n\n\n\n<p>Omar Navarro, vecino, coment\u00f3 que \u201caprovech\u00e9 esta oportunidad para hacerme un control de la vista, que a veces en medio de la rutina cuesta hacerse un tiempo y trasladarse; entonces, que estos servicios vayan a la gente est\u00e1 bueno\u201d.<\/p>\n\n\n\n<p>Por su parte, Elena R\u00edos, dijo que \u201cvine para tomarme la presi\u00f3n, me control\u00e9 la talla y peso y tambi\u00e9n la vista. Todo para controlar la salud\u201d.<\/p>\n\n\n\n<p>Adem\u00e1s, hubo servicios de tr\u00e1mites para DNI, juegos para las infancias y charlas sobre preparaci\u00f3n de huertas, en este punto, hubo consultas sobre los cuidados de plantas y control de plagas.<\/p>\n\n\n\n<p>Al respecto, el presidente del IPLyC, H\u00e9ctor Rojas Decut, afirm\u00f3: \u201cNuestra prioridad es el compromiso con la comunidad, acercando las instituciones a la gente y estando presentes, con propuestas y soluciones\u201d.<\/p>\n\n\n\n<p>Tambi\u00e9n, record\u00f3: \u201cEl IPLyC asume compromiso con diferentes edades del ciclo de vida de las personas, desde los m\u00e1s chicos hasta los abuelos\u201d.<\/p>\n\n\n\n<p>Del Operativo Estamos con Vos participaron el Ministerio de Salud P\u00fablica, el Ministerio del Agro y de la Producci\u00f3n y el Instituto de Fomento Agropecuario e Industrial (IFAI). Tambi\u00e9n, la Subsecretar\u00eda de Transporte, Puertos, Aeropuertos y Redes de Comunicaci\u00f3n y el Instituto Provincial de Desarrollo Habitacional (IPRODHA).<\/p>\n","protected":false},"excerpt":{"rendered":"<p>Un nuevo operativo de Estamos con Vos, que lleva adelante el IPLyC, se realiz\u00f3 durante<\/p>\n","protected":false},"author":1,"featured_media":42248,"comment_status":"open","ping_status":"open","sticky":false,"template":"","format":"standard","meta":{"footnotes":""},"categories":[1,229],"tags":[],"class_list":["post-42247","post","type-post","status-publish","format-standard","has-post-thumbnail","hentry","category-actualidad","category-provinciales"],"_links":{"self":[{"href":"https:\/\/actualizateiguazu.com\/v3\/wp-json\/wp\/v2\/posts\/42247","targetHints":{"allow":["GET"]}}],"collection":[{"href":"https:\/\/actualizateiguazu.com\/v3\/wp-json\/wp\/v2\/posts"}],"about":[{"href":"https:\/\/actualizateiguazu.com\/v3\/wp-json\/wp\/v2\/types\/post"}],"author":[{"embeddable":true,"href":"https:\/\/actualizateiguazu.com\/v3\/wp-json\/wp\/v2\/users\/1"}],"replies":[{"embeddable":true,"href":"https:\/\/actualizateiguazu.com\/v3\/wp-json\/wp\/v2\/comments?post=42247"}],"version-history":[{"count":1,"href":"https:\/\/actualizateiguazu.com\/v3\/wp-json\/wp\/v2\/posts\/42247\/revisions"}],"predecessor-version":[{"id":42250,"href":"https:\/\/actualizateiguazu.com\/v3\/wp-json\/wp\/v2\/posts\/42247\/revisions\/42250"}],"wp:featuredmedia":[{"embeddable":true,"href":"https:\/\/actualizateiguazu.com\/v3\/wp-json\/wp\/v2\/media\/42248"}],"wp:attachment":[{"href":"https:\/\/actualizateiguazu.com\/v3\/wp-json\/wp\/v2\/media?parent=42247"}],"wp:term":[{"taxonomy":"category","embeddable":true,"href":"https:\/\/actualizateiguazu.com\/v3\/wp-json\/wp\/v2\/categories?post=42247"},{"taxonomy":"post_tag","embeddable":true,"href":"https:\/\/actualizateiguazu.com\/v3\/wp-json\/wp\/v2\/tags?post=42247"}],"curies":[{"name":"wp","href":"https:\/\/api.w.org\/{rel}","templated":true}]}}