{"id":42278,"date":"2023-11-25T23:00:19","date_gmt":"2023-11-26T02:00:19","guid":{"rendered":"https:\/\/actualizateiguazu.com\/v3\/?p=42278"},"modified":"2023-11-25T23:00:20","modified_gmt":"2023-11-26T02:00:20","slug":"en-iguazu-la-comunidad-lgbtq-celebro-la-diversidad-con-una-marcha","status":"publish","type":"post","link":"https:\/\/actualizateiguazu.com\/v3\/2023\/11\/25\/en-iguazu-la-comunidad-lgbtq-celebro-la-diversidad-con-una-marcha\/","title":{"rendered":"En Iguaz\u00fa la comunidad LGBTQ+ celebr\u00f3 la diversidad con una marcha"},"content":{"rendered":"\n<p>En la jornada de este s\u00e1bado la comunidad LGBTQ+ de Puerto Iguaz\u00fa con la presencia de grupos de Brasil, se congreg\u00f3 en la Plaza San Martin mientras organizaban la movilizaci\u00f3n disfrutaron de buena m\u00fasica de la mano del Dj CubanoTronic. Pasadas las 18 horas parti\u00f3 la marcha hasta la avenida costanera Eduardo Arrabal. Finalizando la actividad con una serie de presentaciones art\u00edsticas en el Anfiteatro Ramon Ayala.<\/p>\n\n\n\n<p>La direcci\u00f3n de Diversidad junto a la comunidad LGBTQ+ trabajaron intensamente por al menos dos meses para llevar adelante la Marcha del Orgullo que tuvo menor concurrencia a la registrada el a\u00f1o pasado y se cree que fue por cuestiones clim\u00e1ticas. No obstante conto con la presencia de integrantes de la comunidad de Foz do Iguaz\u00fa Brasil.<\/p>\n\n\n\n<figure class=\"wp-block-image size-large\"><img loading=\"lazy\" decoding=\"async\" width=\"1024\" height=\"576\" src=\"https:\/\/actualizateiguazu.com\/v3\/wp-content\/uploads\/2023\/11\/IMG_20231125_182832053-1024x576.jpg\" alt=\"\" class=\"wp-image-42279\" srcset=\"https:\/\/actualizateiguazu.com\/v3\/wp-content\/uploads\/2023\/11\/IMG_20231125_182832053-1024x576.jpg 1024w, https:\/\/actualizateiguazu.com\/v3\/wp-content\/uploads\/2023\/11\/IMG_20231125_182832053-scaled-600x338.jpg 600w, https:\/\/actualizateiguazu.com\/v3\/wp-content\/uploads\/2023\/11\/IMG_20231125_182832053-300x169.jpg 300w, https:\/\/actualizateiguazu.com\/v3\/wp-content\/uploads\/2023\/11\/IMG_20231125_182832053-768x432.jpg 768w, https:\/\/actualizateiguazu.com\/v3\/wp-content\/uploads\/2023\/11\/IMG_20231125_182832053-1536x864.jpg 1536w, https:\/\/actualizateiguazu.com\/v3\/wp-content\/uploads\/2023\/11\/IMG_20231125_182832053-2048x1152.jpg 2048w, https:\/\/actualizateiguazu.com\/v3\/wp-content\/uploads\/2023\/11\/IMG_20231125_182832053-800x450.jpg 800w\" sizes=\"auto, (max-width: 1024px) 100vw, 1024px\" \/><\/figure>\n\n\n\n<p>En el trayecto, la comunidad interrumpi\u00f3 la caminata para bailar y divertirse para luego continuar la caminata elevando los colores de la comunidad LGBTQ+ con el fin de erradicar la discriminaci\u00f3n y plantar la bandera de diversidad desde el respeto al otro.<\/p>\n\n\n\n<figure class=\"wp-block-image size-large\"><img loading=\"lazy\" decoding=\"async\" width=\"1024\" height=\"576\" src=\"https:\/\/actualizateiguazu.com\/v3\/wp-content\/uploads\/2023\/11\/IMG_20231125_184207432-1024x576.jpg\" alt=\"\" class=\"wp-image-42282\" srcset=\"https:\/\/actualizateiguazu.com\/v3\/wp-content\/uploads\/2023\/11\/IMG_20231125_184207432-1024x576.jpg 1024w, https:\/\/actualizateiguazu.com\/v3\/wp-content\/uploads\/2023\/11\/IMG_20231125_184207432-scaled-600x338.jpg 600w, https:\/\/actualizateiguazu.com\/v3\/wp-content\/uploads\/2023\/11\/IMG_20231125_184207432-300x169.jpg 300w, https:\/\/actualizateiguazu.com\/v3\/wp-content\/uploads\/2023\/11\/IMG_20231125_184207432-768x432.jpg 768w, https:\/\/actualizateiguazu.com\/v3\/wp-content\/uploads\/2023\/11\/IMG_20231125_184207432-1536x864.jpg 1536w, https:\/\/actualizateiguazu.com\/v3\/wp-content\/uploads\/2023\/11\/IMG_20231125_184207432-2048x1152.jpg 2048w, https:\/\/actualizateiguazu.com\/v3\/wp-content\/uploads\/2023\/11\/IMG_20231125_184207432-800x450.jpg 800w\" sizes=\"auto, (max-width: 1024px) 100vw, 1024px\" \/><\/figure>\n\n\n\n<p>Es la tercera vez que se lleva adelante la marcha del orgullo en Puerto Iguaz\u00fa, la misma es organizada desde la creaci\u00f3n de la direccion de Diversidad, que ha trabajado intensamente a fin de obtener beneficios y lograr que se respeten los derechos adquiridos. Hoy la ciudad de las Cataratas cuenta con un consultorio amigable, donde los integrantes de la comunidad Tras se realiza los controles m\u00e9dicos sin discriminaci\u00f3n y muchos de ellos reciben tratamiento hormonal de forma gratuita. <\/p>\n\n\n\n<figure class=\"wp-block-image size-large\"><img loading=\"lazy\" decoding=\"async\" width=\"1024\" height=\"576\" src=\"https:\/\/actualizateiguazu.com\/v3\/wp-content\/uploads\/2023\/11\/IMG_20231125_182918377-1024x576.jpg\" alt=\"\" class=\"wp-image-42280\" srcset=\"https:\/\/actualizateiguazu.com\/v3\/wp-content\/uploads\/2023\/11\/IMG_20231125_182918377-1024x576.jpg 1024w, https:\/\/actualizateiguazu.com\/v3\/wp-content\/uploads\/2023\/11\/IMG_20231125_182918377-scaled-600x338.jpg 600w, https:\/\/actualizateiguazu.com\/v3\/wp-content\/uploads\/2023\/11\/IMG_20231125_182918377-300x169.jpg 300w, https:\/\/actualizateiguazu.com\/v3\/wp-content\/uploads\/2023\/11\/IMG_20231125_182918377-768x432.jpg 768w, https:\/\/actualizateiguazu.com\/v3\/wp-content\/uploads\/2023\/11\/IMG_20231125_182918377-1536x864.jpg 1536w, https:\/\/actualizateiguazu.com\/v3\/wp-content\/uploads\/2023\/11\/IMG_20231125_182918377-2048x1152.jpg 2048w, https:\/\/actualizateiguazu.com\/v3\/wp-content\/uploads\/2023\/11\/IMG_20231125_182918377-800x450.jpg 800w\" sizes=\"auto, (max-width: 1024px) 100vw, 1024px\" \/><\/figure>\n\n\n\n<p>Adem\u00e1s han realizado diferentes capacitaciones a fin de erradicar la discriminaci\u00f3n en el \u00e1mbito laboral y trabajan en la inclusi\u00f3n laboral de los integrantes de la comunidad.<\/p>\n","protected":false},"excerpt":{"rendered":"<p>En la jornada de este s\u00e1bado la comunidad LGBTQ+ de Puerto Iguaz\u00fa con la presencia<\/p>\n","protected":false},"author":1,"featured_media":42281,"comment_status":"open","ping_status":"open","sticky":false,"template":"","format":"standard","meta":{"footnotes":""},"categories":[1,226],"tags":[],"class_list":["post-42278","post","type-post","status-publish","format-standard","has-post-thumbnail","hentry","category-actualidad","category-locales"],"_links":{"self":[{"href":"https:\/\/actualizateiguazu.com\/v3\/wp-json\/wp\/v2\/posts\/42278","targetHints":{"allow":["GET"]}}],"collection":[{"href":"https:\/\/actualizateiguazu.com\/v3\/wp-json\/wp\/v2\/posts"}],"about":[{"href":"https:\/\/actualizateiguazu.com\/v3\/wp-json\/wp\/v2\/types\/post"}],"author":[{"embeddable":true,"href":"https:\/\/actualizateiguazu.com\/v3\/wp-json\/wp\/v2\/users\/1"}],"replies":[{"embeddable":true,"href":"https:\/\/actualizateiguazu.com\/v3\/wp-json\/wp\/v2\/comments?post=42278"}],"version-history":[{"count":1,"href":"https:\/\/actualizateiguazu.com\/v3\/wp-json\/wp\/v2\/posts\/42278\/revisions"}],"predecessor-version":[{"id":42283,"href":"https:\/\/actualizateiguazu.com\/v3\/wp-json\/wp\/v2\/posts\/42278\/revisions\/42283"}],"wp:featuredmedia":[{"embeddable":true,"href":"https:\/\/actualizateiguazu.com\/v3\/wp-json\/wp\/v2\/media\/42281"}],"wp:attachment":[{"href":"https:\/\/actualizateiguazu.com\/v3\/wp-json\/wp\/v2\/media?parent=42278"}],"wp:term":[{"taxonomy":"category","embeddable":true,"href":"https:\/\/actualizateiguazu.com\/v3\/wp-json\/wp\/v2\/categories?post=42278"},{"taxonomy":"post_tag","embeddable":true,"href":"https:\/\/actualizateiguazu.com\/v3\/wp-json\/wp\/v2\/tags?post=42278"}],"curies":[{"name":"wp","href":"https:\/\/api.w.org\/{rel}","templated":true}]}}