{"id":42288,"date":"2023-11-26T07:45:31","date_gmt":"2023-11-26T10:45:31","guid":{"rendered":"https:\/\/actualizateiguazu.com\/v3\/?p=42288"},"modified":"2023-11-26T07:45:31","modified_gmt":"2023-11-26T10:45:31","slug":"rally-misionero-el-enano-competicion-viene-4to-en-el-gran-premio-coronacion","status":"publish","type":"post","link":"https:\/\/actualizateiguazu.com\/v3\/2023\/11\/26\/rally-misionero-el-enano-competicion-viene-4to-en-el-gran-premio-coronacion\/","title":{"rendered":"Rally Misionero: El Enano Competici\u00f3n viene 4to en el Gran Premio Coronaci\u00f3n"},"content":{"rendered":"\n<p><\/p>\n\n\n\n<p>La dupla de Puerto Iguaz\u00fa, Benjam\u00edn y Catriel Devechi (VW Gol) se ubic\u00f3 en el cuarto lugar en la primera etapa de la 7\u00b0 y \u00faltima fecha del Campeonato Misionero de Rally, que se realiz\u00f3 por los caminos de Arist\u00f3bulo del Valle y Salto Encantado.<\/p>\n\n\n\n<p>La dupla ven\u00eda muy bien pero un pinchazo los hizo caer en el clasificador y termin\u00f3 en la cuarta posici\u00f3n de la Clase N2 Light y sigue luchando por el t\u00edtulo de la categor\u00eda.<\/p>\n\n\n\n<p>\u201cSufrimos con un pinchazo donde perdimos mucho tiempo, pero en general el auto viene bien y buscaremos seguir presionando\u201d, explic\u00f3 Benjam\u00edn<\/p>\n\n\n\n<p>El Enano Competici\u00f3n agradeci\u00f3 el apoyo de toda la familia y de los Sponsor en especial de \u201cGP Neum\u00e1tico, Maxikiosco Chiki, Taller chapa y pintura El Porte\u00f1o, Mec\u00e1nica Jorge, Agro Ferreter\u00eda La Yunta, Ruedas Hofer, Estaci\u00f3n de Servicio Iguaz\u00fa Fuels, Minimercado Mancue, Martyniuk Repuestos, Tentaciones Accesorios, Remiser\u00eda Malvinas, Richard Gr\u00faas, Kike tienda y zapater\u00eda, Mercado De Lima, Like, Eduardo Materiales, Myrian Hab Estetita y Spa, I Like tienda y zapater\u00eda\u201d.<\/p>\n\n\n\n<p>El domingo, se correr\u00e1 la Etapa 2 que tendr\u00e1 3 PC, donde se definir\u00e1n los campeones de la temporada. Desde las 13.30, se pondr\u00e1 en marcha la 8va fecha del S\u00faper Prime en el circuito emplazado en el predio de la familia Finke.<\/p>\n","protected":false},"excerpt":{"rendered":"<p>La dupla de Puerto Iguaz\u00fa, Benjam\u00edn y Catriel Devechi (VW Gol) se ubic\u00f3 en el<\/p>\n","protected":false},"author":1,"featured_media":42289,"comment_status":"open","ping_status":"open","sticky":false,"template":"","format":"standard","meta":{"footnotes":""},"categories":[223],"tags":[],"class_list":["post-42288","post","type-post","status-publish","format-standard","has-post-thumbnail","hentry","category-deportes"],"_links":{"self":[{"href":"https:\/\/actualizateiguazu.com\/v3\/wp-json\/wp\/v2\/posts\/42288","targetHints":{"allow":["GET"]}}],"collection":[{"href":"https:\/\/actualizateiguazu.com\/v3\/wp-json\/wp\/v2\/posts"}],"about":[{"href":"https:\/\/actualizateiguazu.com\/v3\/wp-json\/wp\/v2\/types\/post"}],"author":[{"embeddable":true,"href":"https:\/\/actualizateiguazu.com\/v3\/wp-json\/wp\/v2\/users\/1"}],"replies":[{"embeddable":true,"href":"https:\/\/actualizateiguazu.com\/v3\/wp-json\/wp\/v2\/comments?post=42288"}],"version-history":[{"count":1,"href":"https:\/\/actualizateiguazu.com\/v3\/wp-json\/wp\/v2\/posts\/42288\/revisions"}],"predecessor-version":[{"id":42290,"href":"https:\/\/actualizateiguazu.com\/v3\/wp-json\/wp\/v2\/posts\/42288\/revisions\/42290"}],"wp:featuredmedia":[{"embeddable":true,"href":"https:\/\/actualizateiguazu.com\/v3\/wp-json\/wp\/v2\/media\/42289"}],"wp:attachment":[{"href":"https:\/\/actualizateiguazu.com\/v3\/wp-json\/wp\/v2\/media?parent=42288"}],"wp:term":[{"taxonomy":"category","embeddable":true,"href":"https:\/\/actualizateiguazu.com\/v3\/wp-json\/wp\/v2\/categories?post=42288"},{"taxonomy":"post_tag","embeddable":true,"href":"https:\/\/actualizateiguazu.com\/v3\/wp-json\/wp\/v2\/tags?post=42288"}],"curies":[{"name":"wp","href":"https:\/\/api.w.org\/{rel}","templated":true}]}}