{"id":42358,"date":"2023-11-28T09:37:51","date_gmt":"2023-11-28T12:37:51","guid":{"rendered":"https:\/\/actualizateiguazu.com\/v3\/?p=42358"},"modified":"2023-11-28T09:37:51","modified_gmt":"2023-11-28T12:37:51","slug":"feria-provincial-de-turismo-la-propuesta-turistica-para-el-verano-2024-en-un-solo-lugar","status":"publish","type":"post","link":"https:\/\/actualizateiguazu.com\/v3\/2023\/11\/28\/feria-provincial-de-turismo-la-propuesta-turistica-para-el-verano-2024-en-un-solo-lugar\/","title":{"rendered":"Feria Provincial de Turismo: La propuesta tur\u00edstica para el verano 2024 en un solo lugar"},"content":{"rendered":"\n<p>Este a\u00f1o, el evento se innova al desarrollarse de manera conjunta con \u201cMarkerland\u201d y \u201cSe pic\u00f3\u201d, en el Parque del Conocimiento. Atractivos, gastronom\u00eda, shows en vivo, videojuegos y variadas alternativas de los municipios misioneros para planificar la temporada estival.<\/p>\n\n\n\n<p>El viernes 1 y s\u00e1bado 2 de diciembre, se realizar\u00e1 una nueva edici\u00f3n de la Feria de Turismo provincial; espacio de encuentro entre la oferta tur\u00edstica misionera y los potenciales consumidores y demandantes de servicios recreativos para la temporada de verano 2024.<\/p>\n\n\n\n<p>Adem\u00e1s, la propuesta ser\u00e1 m\u00e1s diversa para los visitantes ya que el primer d\u00eda se desarrollar\u00e1 \u201cMakerland\u201d, organizada por la Escuela de Rob\u00f3tica, el Polo Tic y la Red de Espacios Makers, que re\u00fane a los gamers y aficionados a las tecnolog\u00edas; mientras que durante las dos jornadas se realizar\u00e1 \u201cSe pic\u00f3\u201d, a cargo del Ministerio de Agricultura de la provincia, con la instalaci\u00f3n de una feria exclusiva de picadas con productos regionales.<\/p>\n\n\n\n<p>En cuanto a la iniciativa tur\u00edstica, se presentar\u00e1 la Gu\u00eda 2024 de Campings y Balnearios, y los municipios expondr\u00e1n sus destinos, calendarios de eventos, atractivos y actividades, junto a las ofertas que tambi\u00e9n impulsa el sector privado, como las agencias que por primera vez van a participar, con el prop\u00f3sito de facilitar y diversificar el itinerario de viaje para quienes est\u00e9n planificando sus vacaciones o escapadas por la tierra colorada.<\/p>\n\n\n\n<p>En el lanzamiento del evento, el ministro de Turismo, Jos\u00e9 Mar\u00eda Arr\u00faa, destac\u00f3 el impacto econ\u00f3mico de la actividad tur\u00edstica y, por lo tanto, de lo que significa esta feria. \u201cEl turismo en Misiones es empleo. Hoy, se generan alrededor de 30 mil trabajos de manera directa o indirecta a trav\u00e9s del sector. Sin dudas es un orgullo presentar nuevamente la feria que nos convoca y re\u00fane para potenciar la naturaleza, el entretenimiento, la producci\u00f3n local\u201d, remarc\u00f3.<\/p>\n\n\n\n<p>Desde enero a octubre de este a\u00f1o, la ocupaci\u00f3n promedio de alojamiento estuvo entre 3,5 y 5,8 noches; llegaron m\u00e1s de 1.550.000 visitantes y se gener\u00f3 un movimiento econ\u00f3mico superior a los $426.250 millones.<\/p>\n\n\n\n<p>En este sentido, sostuvo que \u00abel turismo es transversal y atraviesa a las diferentes actividades econ\u00f3micas de la provincia, como a la producci\u00f3n local. Ser vidriera para los agricultores es potenciar su econom\u00eda\u00bb.<\/p>\n\n\n\n<p>Al respecto, la ministra de Agricultura Familiar, Marta Ferreira, agreg\u00f3 que \u00abqueremos que los productores no solo produzcan alimentos y nutran la gastronom\u00eda local, sino que tambi\u00e9n reciban turistas y compartan sus experiencias, as\u00ed que vincularnos es muy importante\u00bb.<\/p>\n\n\n\n<p>El evento contar\u00e1 con el acompa\u00f1amiento de Aguas de las Misiones que tendr\u00e1 un punto de hidrataci\u00f3n exclusivo para que las personas puedan recargar sus botellas y vasos t\u00e9rmicos, contribuyendo a la reducci\u00f3n del uso de pl\u00e1stico teniendo en cuenta que durante las jornadas se medir\u00e1 la huella de carbono que dejan los visitantes en estas participaciones y se les brindar\u00e1 consejos sobre c\u00f3mo mitigar el impacto.<\/p>\n\n\n\n<p>Por su parte, el vicegobernador y senador electo, Carlos Arce, subray\u00f3 el car\u00e1cter sustentable y sostenible del turismo en Misiones. \u201cCada vez son m\u00e1s las personas que eligen naturaleza, selva, agua, para disfrutar de sus vacaciones o escapada, tanto los argentinos como extranjeros, y la provincia cuenta con todo para ofrecer a ese mercado en tendencia un destino verde y amigable con el medioambiente\u201d, destac\u00f3 y manifest\u00f3 que \u201cen la provincia, el turismo es y seguir\u00e1 siendo una pol\u00edtica de Estado\u201d.<\/p>\n\n\n\n<p>La feria, que se viene realizando desde el a\u00f1o 2008, se resume en un encuentro entre prestadores de servicios y de actividades o experiencias tur\u00edsticas en Posadas, principal centro emisor provincial, traccionando de esta manera a la divulgaci\u00f3n, la promoci\u00f3n y la visualizaci\u00f3n de una oferta exclusivamente pensada para el mercado interno y regional, en vista de la proximidad de la temporada de verano 2023\/2024.<\/p>\n\n\n\n<p><strong>Programa<\/strong><\/p>\n\n\n\n<p>Jornadas T\u00e9cnicas<\/p>\n\n\n\n<p><strong>Viernes 1 de diciembre<\/strong><\/p>\n\n\n\n<p>16:00 horas: Herramientas para la producci\u00f3n de experiencias tur\u00edsticas y gesti\u00f3n de las emociones. Lic. Aldo Maciel<\/p>\n\n\n\n<p>18:00 horas Experiencia consciente en la naturaleza. Meditaci\u00f3n Mindfulness con Tekoha Aventura. Lic. Rodrigo Garc\u00eda y Prof. Francisco V\u00e1zquez<\/p>\n\n\n\n<p>19:00 horas Presentaci\u00f3n \u201cNavidad en Capiov\u00ed\u201d. Municipalidad de Capiov\u00ed<\/p>\n\n\n\n<p><strong>S\u00e1bado 2 de diciembre<\/strong><\/p>\n\n\n\n<p>15:00 horas Presentaci\u00f3n de agenda de Implementaci\u00f3n del Programa de Integraci\u00f3n Institucional del PETS Misiones. Lic. Malvina Sol\u00eds<\/p>\n\n\n\n<p>18:00 horas Avances y desaf\u00edos: Camino de los Jesuitas. Lic. Luisina Per\u00f3<\/p>\n\n\n\n<p>19:30 horas Turismo sustentable y huella de carbono. Arq. Eduardo Saldivia y el Ing. Ambiental Adri\u00e1n Kunz<\/p>\n","protected":false},"excerpt":{"rendered":"<p>Este a\u00f1o, el evento se innova al desarrollarse de manera conjunta con \u201cMarkerland\u201d y \u201cSe<\/p>\n","protected":false},"author":1,"featured_media":42360,"comment_status":"open","ping_status":"open","sticky":false,"template":"","format":"standard","meta":{"footnotes":""},"categories":[1,229,234],"tags":[],"class_list":["post-42358","post","type-post","status-publish","format-standard","has-post-thumbnail","hentry","category-actualidad","category-provinciales","category-turismo"],"_links":{"self":[{"href":"https:\/\/actualizateiguazu.com\/v3\/wp-json\/wp\/v2\/posts\/42358","targetHints":{"allow":["GET"]}}],"collection":[{"href":"https:\/\/actualizateiguazu.com\/v3\/wp-json\/wp\/v2\/posts"}],"about":[{"href":"https:\/\/actualizateiguazu.com\/v3\/wp-json\/wp\/v2\/types\/post"}],"author":[{"embeddable":true,"href":"https:\/\/actualizateiguazu.com\/v3\/wp-json\/wp\/v2\/users\/1"}],"replies":[{"embeddable":true,"href":"https:\/\/actualizateiguazu.com\/v3\/wp-json\/wp\/v2\/comments?post=42358"}],"version-history":[{"count":1,"href":"https:\/\/actualizateiguazu.com\/v3\/wp-json\/wp\/v2\/posts\/42358\/revisions"}],"predecessor-version":[{"id":42361,"href":"https:\/\/actualizateiguazu.com\/v3\/wp-json\/wp\/v2\/posts\/42358\/revisions\/42361"}],"wp:featuredmedia":[{"embeddable":true,"href":"https:\/\/actualizateiguazu.com\/v3\/wp-json\/wp\/v2\/media\/42360"}],"wp:attachment":[{"href":"https:\/\/actualizateiguazu.com\/v3\/wp-json\/wp\/v2\/media?parent=42358"}],"wp:term":[{"taxonomy":"category","embeddable":true,"href":"https:\/\/actualizateiguazu.com\/v3\/wp-json\/wp\/v2\/categories?post=42358"},{"taxonomy":"post_tag","embeddable":true,"href":"https:\/\/actualizateiguazu.com\/v3\/wp-json\/wp\/v2\/tags?post=42358"}],"curies":[{"name":"wp","href":"https:\/\/api.w.org\/{rel}","templated":true}]}}