{"id":42400,"date":"2023-11-30T16:55:33","date_gmt":"2023-11-30T19:55:33","guid":{"rendered":"https:\/\/actualizateiguazu.com\/v3\/?p=42400"},"modified":"2023-11-30T16:55:33","modified_gmt":"2023-11-30T19:55:33","slug":"estamos-con-vos-acerco-servicios-medicos-y-de-asesoramiento-al-b-itaembe-mini","status":"publish","type":"post","link":"https:\/\/actualizateiguazu.com\/v3\/2023\/11\/30\/estamos-con-vos-acerco-servicios-medicos-y-de-asesoramiento-al-b-itaembe-mini\/","title":{"rendered":"Estamos con vos acerc\u00f3 servicios m\u00e9dicos y de asesoramiento al B\u00b0 Itaemb\u00e9 Min\u00ed"},"content":{"rendered":"\n<p>El Colegio Provincial 2 \u2018Manuel Belgrano\u2019 fue el punto de encuentro de un nuevo operativo del programa Estamos con Vos que lleva adelante el IPLyC, que brind\u00f3 servicios integrales m\u00e9dicos y de asesoramiento en el barrio Itaemb\u00e9 Min\u00ed de Posadas<\/p>\n\n\n\n<p>Con una gran convocatoria, decenas de vecinos se acercaron desde temprano para realizar controles y disfrutar de diferentes propuestas.<\/p>\n\n\n\n<p>M\u00e9dico cl\u00ednico y atenci\u00f3n pedi\u00e1trica fueron las que m\u00e1s demanda registraron durante la ma\u00f1ana de este jueves 30. En la misma l\u00ednea para las infancias, hubo gran asistencia y pedidos para control de talla y peso.<\/p>\n\n\n\n<p>Asimismo, el servicio de oftalmolog\u00eda y la solicitud de anteojos tuvieron una notable convocatoria.<\/p>\n\n\n\n<p>A la par, tambi\u00e9n se destac\u00f3 el pedido de DNI y la inscripci\u00f3n para el programa Desaf\u00edo Confort del IPLyC, que se sortea cada quince d\u00edas.<\/p>\n\n\n\n<p>Hacia el final, hubo una charla de preparaci\u00f3n de huertas, con un gran inter\u00e9s sobre los cultivos y c\u00f3mo trabajar la tierra en el hogar.<\/p>\n\n\n\n<p>Miguel Ojeda, vecino del barrio, coment\u00f3 que \u201cvine para controlarme la vista y de paso vi que hab\u00eda otros servicios, entonces termin\u00e9 haci\u00e9ndome los anteojos, controlando la presi\u00f3n, ver la talla y peso. Y en el mientras tanto, mi hija aprovech\u00f3 para dibujar y disfrutar el momento con m\u00e1s ni\u00f1os\u201d.<\/p>\n\n\n\n<p>Al respecto, el presidente del IPLyC, H\u00e9ctor Rojas Decut, record\u00f3 que este tipo de iniciativas se llevan adelante en conjunto con diversas instituciones, \u201cya que tenemos un rumbo claro: trabajar planificadamente y con el compromiso con nuestra comunidad como prioridad, siempre\u201d.<\/p>\n\n\n\n<p>\u201cEl IPLyC est\u00e1 presente, activo y decidido a trabajar de modo sostenido. Somos una herramienta para el progreso de la provincia\u201d, asever\u00f3.<\/p>\n\n\n\n<p>Del Operativo Estamos con vos en el barrio Itaemb\u00e9 Min\u00ed participaron el Ministerio de Salud P\u00fablica, el Ministerio del Agro y de la Producci\u00f3n y el Instituto de Fomento Agropecuario e Industrial (IFAI). Tambi\u00e9n, la Subsecretar\u00eda de Transporte, Puertos, Aeropuertos y Redes de Comunicaci\u00f3n y el Instituto Provincial de Desarrollo Habitacional (IPRODHA).<\/p>\n","protected":false},"excerpt":{"rendered":"<p>El Colegio Provincial 2 \u2018Manuel Belgrano\u2019 fue el punto de encuentro de un nuevo operativo<\/p>\n","protected":false},"author":1,"featured_media":42401,"comment_status":"open","ping_status":"open","sticky":false,"template":"","format":"standard","meta":{"footnotes":""},"categories":[1,229],"tags":[],"class_list":["post-42400","post","type-post","status-publish","format-standard","has-post-thumbnail","hentry","category-actualidad","category-provinciales"],"_links":{"self":[{"href":"https:\/\/actualizateiguazu.com\/v3\/wp-json\/wp\/v2\/posts\/42400","targetHints":{"allow":["GET"]}}],"collection":[{"href":"https:\/\/actualizateiguazu.com\/v3\/wp-json\/wp\/v2\/posts"}],"about":[{"href":"https:\/\/actualizateiguazu.com\/v3\/wp-json\/wp\/v2\/types\/post"}],"author":[{"embeddable":true,"href":"https:\/\/actualizateiguazu.com\/v3\/wp-json\/wp\/v2\/users\/1"}],"replies":[{"embeddable":true,"href":"https:\/\/actualizateiguazu.com\/v3\/wp-json\/wp\/v2\/comments?post=42400"}],"version-history":[{"count":1,"href":"https:\/\/actualizateiguazu.com\/v3\/wp-json\/wp\/v2\/posts\/42400\/revisions"}],"predecessor-version":[{"id":42402,"href":"https:\/\/actualizateiguazu.com\/v3\/wp-json\/wp\/v2\/posts\/42400\/revisions\/42402"}],"wp:featuredmedia":[{"embeddable":true,"href":"https:\/\/actualizateiguazu.com\/v3\/wp-json\/wp\/v2\/media\/42401"}],"wp:attachment":[{"href":"https:\/\/actualizateiguazu.com\/v3\/wp-json\/wp\/v2\/media?parent=42400"}],"wp:term":[{"taxonomy":"category","embeddable":true,"href":"https:\/\/actualizateiguazu.com\/v3\/wp-json\/wp\/v2\/categories?post=42400"},{"taxonomy":"post_tag","embeddable":true,"href":"https:\/\/actualizateiguazu.com\/v3\/wp-json\/wp\/v2\/tags?post=42400"}],"curies":[{"name":"wp","href":"https:\/\/api.w.org\/{rel}","templated":true}]}}