{"id":43439,"date":"2024-01-26T22:37:00","date_gmt":"2024-01-27T01:37:00","guid":{"rendered":"https:\/\/actualizateiguazu.com\/v3\/?p=43439"},"modified":"2024-01-26T23:13:59","modified_gmt":"2024-01-27T02:13:59","slug":"filmo-a-un-hombre-que-viajaba-en-una-motocicleta-con-un-machete-y-resulto-ser-el-que-le-robo-a-su-empleado","status":"publish","type":"post","link":"https:\/\/actualizateiguazu.com\/v3\/2024\/01\/26\/filmo-a-un-hombre-que-viajaba-en-una-motocicleta-con-un-machete-y-resulto-ser-el-que-le-robo-a-su-empleado\/","title":{"rendered":"Film\u00f3 a un hombre que viajaba en una motocicleta con un machete y result\u00f3 ser el que le robo a su empleado"},"content":{"rendered":"\n<p>Ocurri\u00f3 en Puerto Iguaz\u00fa, un hombre paseaba con su familia y filmaba la ciudad. Sin saberlo capt\u00f3 al hombre que le hab\u00eda robado la moto y otros elementos al cuidador de su comercio. En base a esa filmaci\u00f3n la Polic\u00eda lo ubic\u00f3 y lo detuvo.<\/p>\n\n\n\n<p>El hecho hab\u00eda sido denunciado el 21 de enero, d\u00f3nde el damnificado manifest\u00f3 que hab\u00edan ingresado a su vivienda ubicada en calle Coronel Dorrego y sustrajeron su motoveh\u00edculo y un bolso con pertenencias, aprovechando que este no estaba en la casa.<\/p>\n\n\n\n<p>Ayer, su empleador le mostr\u00f3 un v\u00eddeo de un hombre que circulaba en una moto y empu\u00f1aba un machete, el empleado reconoci\u00f3 de inmediato su rodado y realiz\u00f3 la ampliaci\u00f3n de la denuncia.<\/p>\n\n\n\n<p>Fue as\u00ed, que los investigadores de la Unidad Regional V iniciaron la b\u00fasqueda del inculpado, que fue ubicado en el barrio Libertad, donde lo arrestaron. Adem\u00e1s, secuestraron la moto robada y varios objetos que comprend\u00eda la denuncia del damnificado.<\/p>\n\n\n\n<p>Por disposici\u00f3n del Juez Penal, qued\u00f3 alojado en sede policial y finalizados los tr\u00e1mites de rigor los objetos fueron restituidos a su damnificado.<\/p>\n","protected":false},"excerpt":{"rendered":"<p>Ocurri\u00f3 en Puerto Iguaz\u00fa, un hombre paseaba con su familia y filmaba la ciudad. Sin<\/p>\n","protected":false},"author":1,"featured_media":43440,"comment_status":"open","ping_status":"open","sticky":false,"template":"","format":"standard","meta":{"footnotes":""},"categories":[228],"tags":[],"class_list":["post-43439","post","type-post","status-publish","format-standard","has-post-thumbnail","hentry","category-policiales"],"_links":{"self":[{"href":"https:\/\/actualizateiguazu.com\/v3\/wp-json\/wp\/v2\/posts\/43439","targetHints":{"allow":["GET"]}}],"collection":[{"href":"https:\/\/actualizateiguazu.com\/v3\/wp-json\/wp\/v2\/posts"}],"about":[{"href":"https:\/\/actualizateiguazu.com\/v3\/wp-json\/wp\/v2\/types\/post"}],"author":[{"embeddable":true,"href":"https:\/\/actualizateiguazu.com\/v3\/wp-json\/wp\/v2\/users\/1"}],"replies":[{"embeddable":true,"href":"https:\/\/actualizateiguazu.com\/v3\/wp-json\/wp\/v2\/comments?post=43439"}],"version-history":[{"count":2,"href":"https:\/\/actualizateiguazu.com\/v3\/wp-json\/wp\/v2\/posts\/43439\/revisions"}],"predecessor-version":[{"id":43442,"href":"https:\/\/actualizateiguazu.com\/v3\/wp-json\/wp\/v2\/posts\/43439\/revisions\/43442"}],"wp:featuredmedia":[{"embeddable":true,"href":"https:\/\/actualizateiguazu.com\/v3\/wp-json\/wp\/v2\/media\/43440"}],"wp:attachment":[{"href":"https:\/\/actualizateiguazu.com\/v3\/wp-json\/wp\/v2\/media?parent=43439"}],"wp:term":[{"taxonomy":"category","embeddable":true,"href":"https:\/\/actualizateiguazu.com\/v3\/wp-json\/wp\/v2\/categories?post=43439"},{"taxonomy":"post_tag","embeddable":true,"href":"https:\/\/actualizateiguazu.com\/v3\/wp-json\/wp\/v2\/tags?post=43439"}],"curies":[{"name":"wp","href":"https:\/\/api.w.org\/{rel}","templated":true}]}}