{"id":46154,"date":"2024-06-27T16:22:00","date_gmt":"2024-06-27T19:22:00","guid":{"rendered":"https:\/\/actualizateiguazu.com\/v3\/?p=46154"},"modified":"2024-06-27T16:29:45","modified_gmt":"2024-06-27T19:29:45","slug":"promueven-el-reordenamiento-del-transito-en-el-centro-de-puerto-iguazu-con-la-aplicacion-de-manos-unicas","status":"publish","type":"post","link":"https:\/\/actualizateiguazu.com\/v3\/2024\/06\/27\/promueven-el-reordenamiento-del-transito-en-el-centro-de-puerto-iguazu-con-la-aplicacion-de-manos-unicas\/","title":{"rendered":"Promueven el reordenamiento del transito en el centro de Puerto Iguaz\u00fa con la aplicaci\u00f3n de manos \u00fanicas."},"content":{"rendered":"<p>Esta ma\u00f1ana los concejales aprobaron una ordenanza que busca ordenar el transito en las calles c\u00e9ntricas de la ciudad, el objetivo es evitar embotellamiento y posibles accidentes de tr\u00e1nsito. Los ediles mantuvieron contacto con los vecinos y transitaron la zona en horario pico a fin de adecuar el proyecto de ordenanza a la necesidad de la zona. El proyecto fue aprobado y el municipio debe llevar adelante la colocaci\u00f3n de la carteler\u00eda e informar a la comunidad los cambios.<\/p>\n<p>El proyecto de ordenanza fue consensuado con el municipio y los vecinos, se trata de varias calles c\u00e9ntricas sumamente angostas que actualmente permiten la circulaci\u00f3n en mano y contra mano no obstante el crecimiento del parque vial de la ciudad obstaculiza la libre y segura circulaci\u00f3n. Es por ello que pasar\u00e1n a ser de circulaci\u00f3n mano \u00fanica.<\/p>\n<p><img loading=\"lazy\" decoding=\"async\" class=\"alignnone size-full wp-image-46155\" src=\"https:\/\/actualizateiguazu.com\/v3\/wp-content\/uploads\/2024\/06\/WhatsApp-Image-2024-06-26-at-11.30.53-AM.jpeg\" alt=\"\" width=\"1600\" height=\"900\" srcset=\"https:\/\/actualizateiguazu.com\/v3\/wp-content\/uploads\/2024\/06\/WhatsApp-Image-2024-06-26-at-11.30.53-AM.jpeg 1600w, https:\/\/actualizateiguazu.com\/v3\/wp-content\/uploads\/2024\/06\/WhatsApp-Image-2024-06-26-at-11.30.53-AM-300x169.jpeg 300w, https:\/\/actualizateiguazu.com\/v3\/wp-content\/uploads\/2024\/06\/WhatsApp-Image-2024-06-26-at-11.30.53-AM-1024x576.jpeg 1024w, https:\/\/actualizateiguazu.com\/v3\/wp-content\/uploads\/2024\/06\/WhatsApp-Image-2024-06-26-at-11.30.53-AM-768x432.jpeg 768w, https:\/\/actualizateiguazu.com\/v3\/wp-content\/uploads\/2024\/06\/WhatsApp-Image-2024-06-26-at-11.30.53-AM-1536x864.jpeg 1536w, https:\/\/actualizateiguazu.com\/v3\/wp-content\/uploads\/2024\/06\/WhatsApp-Image-2024-06-26-at-11.30.53-AM-800x450.jpeg 800w\" sizes=\"auto, (max-width: 1600px) 100vw, 1600px\" \/><\/p>\n<p>Seg\u00fan detalla la ordenanza, son las calles c\u00e9ntricas que pasan a ser mano \u00fanica, la reglamentaci\u00f3n aprobada no prev\u00e9 un tiempo para su aplicaci\u00f3n, no obstante, exige que el municipio se\u00f1alice las calles con anticipaci\u00f3n e informe a la comunidad sobre los cambios.<\/p>\n<p>Pasan a ser mano \u00fanica la calle Moises Bertoni en toda su extensi\u00f3n, en sentido Este-Oeste desde Av. Juan \u00abTito\u00bb Motta (costanera sur) hacia interceptar nuevamente dicha avenida. Tambi\u00e9n la Av. Paraguay desde Av. Misiones, hasta Bolivia y continuando hasta Juan Tito Motta. Sentido Oeste-Este.<\/p>\n<p>La calle F\u00e9lix de Azara tambien pasara a ser mano \u00fanica en toda su extensi\u00f3n, desde Juan Tito Motta hasta calle Bonpland. Sentido Este-Oeste. Y la av. Uruguay, desde Av. Bonpland hasta Juan Tito Motta, Sentido Este-Oeste en toda su extensi\u00f3n.<\/p>\n","protected":false},"excerpt":{"rendered":"<p>Esta ma\u00f1ana los concejales aprobaron una ordenanza que busca ordenar el transito en las calles<\/p>\n","protected":false},"author":1,"featured_media":46156,"comment_status":"open","ping_status":"open","sticky":false,"template":"","format":"standard","meta":{"footnotes":""},"categories":[1],"tags":[],"class_list":["post-46154","post","type-post","status-publish","format-standard","has-post-thumbnail","hentry","category-actualidad"],"_links":{"self":[{"href":"https:\/\/actualizateiguazu.com\/v3\/wp-json\/wp\/v2\/posts\/46154","targetHints":{"allow":["GET"]}}],"collection":[{"href":"https:\/\/actualizateiguazu.com\/v3\/wp-json\/wp\/v2\/posts"}],"about":[{"href":"https:\/\/actualizateiguazu.com\/v3\/wp-json\/wp\/v2\/types\/post"}],"author":[{"embeddable":true,"href":"https:\/\/actualizateiguazu.com\/v3\/wp-json\/wp\/v2\/users\/1"}],"replies":[{"embeddable":true,"href":"https:\/\/actualizateiguazu.com\/v3\/wp-json\/wp\/v2\/comments?post=46154"}],"version-history":[{"count":3,"href":"https:\/\/actualizateiguazu.com\/v3\/wp-json\/wp\/v2\/posts\/46154\/revisions"}],"predecessor-version":[{"id":46159,"href":"https:\/\/actualizateiguazu.com\/v3\/wp-json\/wp\/v2\/posts\/46154\/revisions\/46159"}],"wp:featuredmedia":[{"embeddable":true,"href":"https:\/\/actualizateiguazu.com\/v3\/wp-json\/wp\/v2\/media\/46156"}],"wp:attachment":[{"href":"https:\/\/actualizateiguazu.com\/v3\/wp-json\/wp\/v2\/media?parent=46154"}],"wp:term":[{"taxonomy":"category","embeddable":true,"href":"https:\/\/actualizateiguazu.com\/v3\/wp-json\/wp\/v2\/categories?post=46154"},{"taxonomy":"post_tag","embeddable":true,"href":"https:\/\/actualizateiguazu.com\/v3\/wp-json\/wp\/v2\/tags?post=46154"}],"curies":[{"name":"wp","href":"https:\/\/api.w.org\/{rel}","templated":true}]}}