{"id":46165,"date":"2024-06-27T21:16:51","date_gmt":"2024-06-28T00:16:51","guid":{"rendered":"https:\/\/actualizateiguazu.com\/v3\/?p=46165"},"modified":"2024-06-27T21:16:51","modified_gmt":"2024-06-28T00:16:51","slug":"conductor-embistio-con-su-camioneta-a-un-ciclista-que-fallecio-en-el-momento","status":"publish","type":"post","link":"https:\/\/actualizateiguazu.com\/v3\/2024\/06\/27\/conductor-embistio-con-su-camioneta-a-un-ciclista-que-fallecio-en-el-momento\/","title":{"rendered":"Conductor embisti\u00f3 con su camioneta a un ciclista que falleci\u00f3 en el momento"},"content":{"rendered":"<p>El tr\u00e1gico siniestro vial ocurri\u00f3 pasadas las 19 horas sobre la Av Libertad, en inmediaciones a la entrada de la comunidad Fort\u00edn Mboror\u00e9. En el lugar un joven de 19 a\u00f1os perdi\u00f3 la vida al ser embestido por una camioneta.<\/p>\n<p>Al lugar acudieron los Bomberos Voluntarios, una comisi\u00f3n policial y personal del 107, al llegar al lugar se encontraron con una persona tendida sobre la cinta asf\u00e1ltica sin signos vitales. Seg\u00fan los primeros datos el joven se trasladaba en bicicleta cuando fue embestido por una camioneta.<\/p>\n<p>La victima identificada como Angel Ariel Ortiz (19) quien conduc\u00eda una bicicleta y fue embestido por una camioneta Ford F100 al mando de Samuel C. (54). Cabe destacar que ambos circulaban sentido 2000 hect\u00e1reas hacia Av Papa Francisco. Se solicit\u00f3 personal de Criminalistica, m\u00e9dico y Bioqu\u00edmico policial.<\/p>\n<p>Las causas del siniestro son materia de investigaci\u00f3n y el conductor del rodado mayor quedo demorado por el hecho.<\/p>\n","protected":false},"excerpt":{"rendered":"<p>El tr\u00e1gico siniestro vial ocurri\u00f3 pasadas las 19 horas sobre la Av Libertad, en inmediaciones<\/p>\n","protected":false},"author":1,"featured_media":46166,"comment_status":"open","ping_status":"open","sticky":false,"template":"","format":"standard","meta":{"footnotes":""},"categories":[1,228],"tags":[],"class_list":["post-46165","post","type-post","status-publish","format-standard","has-post-thumbnail","hentry","category-actualidad","category-policiales"],"_links":{"self":[{"href":"https:\/\/actualizateiguazu.com\/v3\/wp-json\/wp\/v2\/posts\/46165","targetHints":{"allow":["GET"]}}],"collection":[{"href":"https:\/\/actualizateiguazu.com\/v3\/wp-json\/wp\/v2\/posts"}],"about":[{"href":"https:\/\/actualizateiguazu.com\/v3\/wp-json\/wp\/v2\/types\/post"}],"author":[{"embeddable":true,"href":"https:\/\/actualizateiguazu.com\/v3\/wp-json\/wp\/v2\/users\/1"}],"replies":[{"embeddable":true,"href":"https:\/\/actualizateiguazu.com\/v3\/wp-json\/wp\/v2\/comments?post=46165"}],"version-history":[{"count":1,"href":"https:\/\/actualizateiguazu.com\/v3\/wp-json\/wp\/v2\/posts\/46165\/revisions"}],"predecessor-version":[{"id":46167,"href":"https:\/\/actualizateiguazu.com\/v3\/wp-json\/wp\/v2\/posts\/46165\/revisions\/46167"}],"wp:featuredmedia":[{"embeddable":true,"href":"https:\/\/actualizateiguazu.com\/v3\/wp-json\/wp\/v2\/media\/46166"}],"wp:attachment":[{"href":"https:\/\/actualizateiguazu.com\/v3\/wp-json\/wp\/v2\/media?parent=46165"}],"wp:term":[{"taxonomy":"category","embeddable":true,"href":"https:\/\/actualizateiguazu.com\/v3\/wp-json\/wp\/v2\/categories?post=46165"},{"taxonomy":"post_tag","embeddable":true,"href":"https:\/\/actualizateiguazu.com\/v3\/wp-json\/wp\/v2\/tags?post=46165"}],"curies":[{"name":"wp","href":"https:\/\/api.w.org\/{rel}","templated":true}]}}