{"id":46861,"date":"2024-08-05T15:19:25","date_gmt":"2024-08-05T18:19:25","guid":{"rendered":"https:\/\/actualizateiguazu.com\/v3\/?p=46861"},"modified":"2024-08-05T16:33:44","modified_gmt":"2024-08-05T19:33:44","slug":"recibio-una-golpiza-a-la-salida-de-un-cumpleanos-y-denuncio-a-un-profesor-de-taekwondo-por-el-hecho","status":"publish","type":"post","link":"https:\/\/actualizateiguazu.com\/v3\/2024\/08\/05\/recibio-una-golpiza-a-la-salida-de-un-cumpleanos-y-denuncio-a-un-profesor-de-taekwondo-por-el-hecho\/","title":{"rendered":"Recibi\u00f3 una golpiza a la salida de un cumplea\u00f1os y denunci\u00f3 a un profesor de taekwondo por el hecho"},"content":{"rendered":"<p>El hecho de violencia se registr\u00f3 en la madrugada del s\u00e1bado a la salida de un cumplea\u00f1os de 15 que se celebro en el predio del Centro de Empleados de Comercios. Seg\u00fan consta en la denuncia un joven de 18 a\u00f1os termin\u00f3 con varias lesiones tras ser atacado y brutalmente golpeado por un grupo de personas entre ellos un conocido profesor de Taewkondo de Puerto Iguaz\u00fa.<\/p>\n<p>Este medio obtuvo el testimonio del joven que manifest\u00f3 que el concurri\u00f3 a la celebraci\u00f3n del cumplea\u00f1os de una joven como invitado de la fiesta, cerca de las 4.30 horas sal\u00edan el lugar acompa\u00f1ando a una amiga que se encontraba en estado de ebriedad, la joven se cayo y cuando fueron a levantarla dos mujeres lo atacaron y mientras el intentaba explicar la situaci\u00f3n se vio rodeado de varios hombres entre ellos un profesor de taekwondo que seria el que le propino golpes en el rostro y patadas cuando la v\u00edctima habr\u00eda ca\u00eddo en el suelo.<\/p>\n<p>La victima identificada como Gaston O. (18) relato \u201cNos encontr\u00e1bamos saliendo de una fiesta de XV, una de nuestras amigas que hab\u00eda tomado mucho y no pod\u00eda mantenerse de pie, por ese motivo la \u00edbamos a llevar hasta su casa. En un momento ella se cae al piso, entonces yo y un amigo de ella la tratamos de levantar\u201d<\/p>\n<p>El joven manifest\u00f3 que el conflicto comenz\u00f3 con la ca\u00edda de su amiga \u201cEn ese momento se acercan dos se\u00f1oras y me empujan y me dicen que iban a llamar a la polic\u00eda y que quien era yo. Le trato de explicar que \u00e9ramos sus amigos y que quer\u00edamos llevarla a su casa, pero me vuelven a empujar y se suma un hombre que me pega una cachetada\u201d<\/p>\n<p>Seg\u00fan detalla el joven tras ver esa situaci\u00f3n los parientes cercanos a la quincea\u00f1era entre ellos el profesor de taewkondo reacciona con violencia \u201cdespu\u00e9s de la cachetada se suma Dar\u00edo N. y me pega una pi\u00f1a tir\u00e1ndome al piso para seguir peg\u00e1ndome patadas entre los dos. Se acerca Daniel N. quien tambi\u00e9n tratar\u00eda de pegarme una patada pero lo ataja un amigo q estaba ah\u00ed\u201d detallo el joven<\/p>\n<p>No obstante, la violencia no se detuvo en ese momento, sino que incluso reaccionan de forma violenta con la novia de la v\u00edctima \u201cEn ese momento se interpone mi novia y Dar\u00edo N. la agarra del cuello y la empuja, despu\u00e9s logro levantarme y trato de irme, me voy detr\u00e1s de un auto donde viene otro hombre que tambi\u00e9n me pega y logro salir corriendo y me escond\u00ed, pero me segu\u00edan buscando en un auto rojo y Daniel N. en su moto\u201d<\/p>\n<p>Luego de esta situaci\u00f3n Juan O. padre de la Victima acudi\u00f3 al lugar para ayudar a su hijo y llevarlo a la comisaria para radicar la denuncia y luego dirigirse al hospital para que su hijo reciba atenci\u00f3n medica.<\/p>\n<p>&nbsp;<\/p>\n<p>&nbsp;<\/p>\n","protected":false},"excerpt":{"rendered":"<p>El hecho de violencia se registr\u00f3 en la madrugada del s\u00e1bado a la salida de<\/p>\n","protected":false},"author":1,"featured_media":46865,"comment_status":"open","ping_status":"open","sticky":false,"template":"","format":"standard","meta":{"footnotes":""},"categories":[1,226],"tags":[],"class_list":["post-46861","post","type-post","status-publish","format-standard","has-post-thumbnail","hentry","category-actualidad","category-locales"],"_links":{"self":[{"href":"https:\/\/actualizateiguazu.com\/v3\/wp-json\/wp\/v2\/posts\/46861","targetHints":{"allow":["GET"]}}],"collection":[{"href":"https:\/\/actualizateiguazu.com\/v3\/wp-json\/wp\/v2\/posts"}],"about":[{"href":"https:\/\/actualizateiguazu.com\/v3\/wp-json\/wp\/v2\/types\/post"}],"author":[{"embeddable":true,"href":"https:\/\/actualizateiguazu.com\/v3\/wp-json\/wp\/v2\/users\/1"}],"replies":[{"embeddable":true,"href":"https:\/\/actualizateiguazu.com\/v3\/wp-json\/wp\/v2\/comments?post=46861"}],"version-history":[{"count":3,"href":"https:\/\/actualizateiguazu.com\/v3\/wp-json\/wp\/v2\/posts\/46861\/revisions"}],"predecessor-version":[{"id":46867,"href":"https:\/\/actualizateiguazu.com\/v3\/wp-json\/wp\/v2\/posts\/46861\/revisions\/46867"}],"wp:featuredmedia":[{"embeddable":true,"href":"https:\/\/actualizateiguazu.com\/v3\/wp-json\/wp\/v2\/media\/46865"}],"wp:attachment":[{"href":"https:\/\/actualizateiguazu.com\/v3\/wp-json\/wp\/v2\/media?parent=46861"}],"wp:term":[{"taxonomy":"category","embeddable":true,"href":"https:\/\/actualizateiguazu.com\/v3\/wp-json\/wp\/v2\/categories?post=46861"},{"taxonomy":"post_tag","embeddable":true,"href":"https:\/\/actualizateiguazu.com\/v3\/wp-json\/wp\/v2\/tags?post=46861"}],"curies":[{"name":"wp","href":"https:\/\/api.w.org\/{rel}","templated":true}]}}