{"id":47211,"date":"2024-08-24T12:24:07","date_gmt":"2024-08-24T15:24:07","guid":{"rendered":"https:\/\/actualizateiguazu.com\/v3\/?p=47211"},"modified":"2024-08-24T12:24:07","modified_gmt":"2024-08-24T15:24:07","slug":"celebraron-los-10-anos-del-hogar-de-dia-de-iguazu-con-una-gran-pena-folclorica","status":"publish","type":"post","link":"https:\/\/actualizateiguazu.com\/v3\/2024\/08\/24\/celebraron-los-10-anos-del-hogar-de-dia-de-iguazu-con-una-gran-pena-folclorica\/","title":{"rendered":"Celebraron los 10 a\u00f1os del Hogar de D\u00eda de Iguaz\u00fa con una Gran Pe\u00f1a Folcl\u00f3rica"},"content":{"rendered":"<p>El Hogar de D\u00eda de Iguaz\u00fa cumpli\u00f3 una d\u00e9cada de funcionamiento, de brindar servicios, atenci\u00f3n, contenci\u00f3n y actividades de prevenci\u00f3n a ni\u00f1os, ni\u00f1as y adolescentes. Desde de instauraci\u00f3n, la clave fue brindar amor y sembrar en cada coraz\u00f3n los valores que forman un ciudadano de bien. Ayer el equipo del Hogar y las familias junto a los participantes festejaron los 10 a\u00f1os con mucha m\u00fasica y baile.<\/p>\n<p>El acto protocolar tuvo la presencia de funcionarios provinciales y autoridades locales quienes destacaron la funci\u00f3n de cada uno de los colaboradores que d\u00eda a d\u00eda quienes desde su lugar buscan suplir las necesidades de los participantes, desde las m\u00e1s b\u00e1sicas como la alimentaci\u00f3n hasta un abrazo en un momento de angustia.<\/p>\n<p>Al respecto el ministro de Prevenci\u00f3n de adicciones, Samuel L\u00f3pez, se dirigi\u00f3 al p\u00fablico presente y remarc\u00f3 el trabajo de las empresas que est\u00e1n constantemente colaborando con el Hogar y a trav\u00e9s de la responsabilidad social empresarial que ha sido uno de los pilares fundamentales para el crecimiento de la instituci\u00f3n.<\/p>\n<p><img loading=\"lazy\" decoding=\"async\" class=\"alignnone size-full wp-image-47217\" src=\"https:\/\/actualizateiguazu.com\/v3\/wp-content\/uploads\/2024\/08\/IMG_20240823_195536549-1-scaled.jpg\" alt=\"\" width=\"2560\" height=\"1124\" srcset=\"https:\/\/actualizateiguazu.com\/v3\/wp-content\/uploads\/2024\/08\/IMG_20240823_195536549-1-scaled.jpg 2560w, https:\/\/actualizateiguazu.com\/v3\/wp-content\/uploads\/2024\/08\/IMG_20240823_195536549-1-300x132.jpg 300w, https:\/\/actualizateiguazu.com\/v3\/wp-content\/uploads\/2024\/08\/IMG_20240823_195536549-1-1024x450.jpg 1024w, https:\/\/actualizateiguazu.com\/v3\/wp-content\/uploads\/2024\/08\/IMG_20240823_195536549-1-768x337.jpg 768w, https:\/\/actualizateiguazu.com\/v3\/wp-content\/uploads\/2024\/08\/IMG_20240823_195536549-1-1536x674.jpg 1536w, https:\/\/actualizateiguazu.com\/v3\/wp-content\/uploads\/2024\/08\/IMG_20240823_195536549-1-2048x899.jpg 2048w\" sizes=\"auto, (max-width: 2560px) 100vw, 2560px\" \/><\/p>\n<p>\u201cAgradezco a ustedes porque s\u00e9 que de alg\u00fan modo u otra manera est\u00e1n ligados a estos 10 a\u00f1os a este trabajo incansable de restituci\u00f3n y garant\u00eda de derechos. Recuerdo ese 22 de agosto del 2014 cuando se inaugura este espacio con muchas expectativas, le haba pedido al gobernador de la provincia y le hab\u00eda manifestado que uno de los mayores deseos era poder trabajar con la responsabilidad social empresarial y hoy es una realidad concreta la articulaci\u00f3n entre lo p\u00fablico y lo privado, m gran agradecimiento porque de alguna u otra manera forman parte\u201d<\/p>\n<p>Actualmente los chicos asisten diariamente en ambos turnos, donde adem\u00e1s de compartir el desayuno, almuerzo y las colaciones, realizan sus tareas, participan de los talleres y de las actividades deportivas preventivas que se brindan en la instituci\u00f3n. Para la atenci\u00f3n integral de la salud el Hogar articula con el Hospital Tur\u00edstico, el SAMIC y el Centro de Atenci\u00f3n Primaria de Salud (CAPS) pr\u00f3ximo al lugar, para el cumplimiento del calendario de vacunaci\u00f3n, as\u00ed como de los distintos tratamientos que demandan y que se coordinan para su realizaci\u00f3n.<\/p>\n<p><img loading=\"lazy\" decoding=\"async\" class=\"alignnone size-full wp-image-47218\" src=\"https:\/\/actualizateiguazu.com\/v3\/wp-content\/uploads\/2024\/08\/IMG_20240823_200228694_HDR-1-scaled.jpg\" alt=\"\" width=\"2560\" height=\"1124\" srcset=\"https:\/\/actualizateiguazu.com\/v3\/wp-content\/uploads\/2024\/08\/IMG_20240823_200228694_HDR-1-scaled.jpg 2560w, https:\/\/actualizateiguazu.com\/v3\/wp-content\/uploads\/2024\/08\/IMG_20240823_200228694_HDR-1-300x132.jpg 300w, https:\/\/actualizateiguazu.com\/v3\/wp-content\/uploads\/2024\/08\/IMG_20240823_200228694_HDR-1-1024x450.jpg 1024w, https:\/\/actualizateiguazu.com\/v3\/wp-content\/uploads\/2024\/08\/IMG_20240823_200228694_HDR-1-768x337.jpg 768w, https:\/\/actualizateiguazu.com\/v3\/wp-content\/uploads\/2024\/08\/IMG_20240823_200228694_HDR-1-1536x674.jpg 1536w, https:\/\/actualizateiguazu.com\/v3\/wp-content\/uploads\/2024\/08\/IMG_20240823_200228694_HDR-1-2048x899.jpg 2048w\" sizes=\"auto, (max-width: 2560px) 100vw, 2560px\" \/><\/p>\n<p>La articulaci\u00f3n es clave para brindar la contenci\u00f3n necesaria y garantizar el cumplimiento de los derechos de los ni\u00f1os, ni\u00f1as y adolescentes, as\u00ed como el fortalecimiento familiar. La cl\u00ednica SAM es de gran apoyo con los profesionales que prestan sus servicios en la instituci\u00f3n. Las comunidades de fe, la Municipalidad, Direcci\u00f3n de Ni\u00f1ez, de Cultura, Juzgado de Menores, cl\u00ednicas privadas, el Parque Nacional Iguaz\u00fa, la empresa Crucero del Norte, el Hotel Panoramic Grand y el Hotels Grand Lux, el Rotary, acompa\u00f1an y gracias al apoyo es posible la realizaci\u00f3n de distintas actividades.<\/p>\n<p>Actualmente Laura Villalba es la Directora del Hogar de Iguaz\u00fa, coment\u00f3 que cuentan con docentes del Consejo General de Educaci\u00f3n que acompa\u00f1an a los participantes en el apoyo escolar y la realizaci\u00f3n de las tareas, con la Escuela Para J\u00f3venes y Adultos Itinerante (EPJAI) 9049 contienen a los ni\u00f1os con sobre-edad escolar para que finalicen sus estudios primarios y con la EPJA N\u00ba 40 realizan manualidades.<\/p>\n<p><img loading=\"lazy\" decoding=\"async\" class=\"alignnone size-full wp-image-47216\" src=\"https:\/\/actualizateiguazu.com\/v3\/wp-content\/uploads\/2024\/08\/IMG_20240823_193055128_HDR-1-scaled.jpg\" alt=\"\" width=\"2560\" height=\"1124\" srcset=\"https:\/\/actualizateiguazu.com\/v3\/wp-content\/uploads\/2024\/08\/IMG_20240823_193055128_HDR-1-scaled.jpg 2560w, https:\/\/actualizateiguazu.com\/v3\/wp-content\/uploads\/2024\/08\/IMG_20240823_193055128_HDR-1-300x132.jpg 300w, https:\/\/actualizateiguazu.com\/v3\/wp-content\/uploads\/2024\/08\/IMG_20240823_193055128_HDR-1-1024x450.jpg 1024w, https:\/\/actualizateiguazu.com\/v3\/wp-content\/uploads\/2024\/08\/IMG_20240823_193055128_HDR-1-768x337.jpg 768w, https:\/\/actualizateiguazu.com\/v3\/wp-content\/uploads\/2024\/08\/IMG_20240823_193055128_HDR-1-1536x674.jpg 1536w, https:\/\/actualizateiguazu.com\/v3\/wp-content\/uploads\/2024\/08\/IMG_20240823_193055128_HDR-1-2048x899.jpg 2048w\" sizes=\"auto, (max-width: 2560px) 100vw, 2560px\" \/><\/p>\n<p>El Hogar de D\u00eda depende de la Subsecretar\u00eda de Atenci\u00f3n Integral, de la Ni\u00f1ez, Adolescencia y Familia, de la Secretar\u00eda de Estado de Prevenci\u00f3n de Adicciones y Control de Drogas.<\/p>\n<p>&nbsp;<\/p>\n","protected":false},"excerpt":{"rendered":"<p>El Hogar de D\u00eda de Iguaz\u00fa cumpli\u00f3 una d\u00e9cada de funcionamiento, de brindar servicios, atenci\u00f3n,<\/p>\n","protected":false},"author":1,"featured_media":47215,"comment_status":"open","ping_status":"open","sticky":false,"template":"","format":"standard","meta":{"footnotes":""},"categories":[1,226],"tags":[],"class_list":["post-47211","post","type-post","status-publish","format-standard","has-post-thumbnail","hentry","category-actualidad","category-locales"],"_links":{"self":[{"href":"https:\/\/actualizateiguazu.com\/v3\/wp-json\/wp\/v2\/posts\/47211","targetHints":{"allow":["GET"]}}],"collection":[{"href":"https:\/\/actualizateiguazu.com\/v3\/wp-json\/wp\/v2\/posts"}],"about":[{"href":"https:\/\/actualizateiguazu.com\/v3\/wp-json\/wp\/v2\/types\/post"}],"author":[{"embeddable":true,"href":"https:\/\/actualizateiguazu.com\/v3\/wp-json\/wp\/v2\/users\/1"}],"replies":[{"embeddable":true,"href":"https:\/\/actualizateiguazu.com\/v3\/wp-json\/wp\/v2\/comments?post=47211"}],"version-history":[{"count":1,"href":"https:\/\/actualizateiguazu.com\/v3\/wp-json\/wp\/v2\/posts\/47211\/revisions"}],"predecessor-version":[{"id":47219,"href":"https:\/\/actualizateiguazu.com\/v3\/wp-json\/wp\/v2\/posts\/47211\/revisions\/47219"}],"wp:featuredmedia":[{"embeddable":true,"href":"https:\/\/actualizateiguazu.com\/v3\/wp-json\/wp\/v2\/media\/47215"}],"wp:attachment":[{"href":"https:\/\/actualizateiguazu.com\/v3\/wp-json\/wp\/v2\/media?parent=47211"}],"wp:term":[{"taxonomy":"category","embeddable":true,"href":"https:\/\/actualizateiguazu.com\/v3\/wp-json\/wp\/v2\/categories?post=47211"},{"taxonomy":"post_tag","embeddable":true,"href":"https:\/\/actualizateiguazu.com\/v3\/wp-json\/wp\/v2\/tags?post=47211"}],"curies":[{"name":"wp","href":"https:\/\/api.w.org\/{rel}","templated":true}]}}