{"id":47472,"date":"2024-09-10T20:38:31","date_gmt":"2024-09-10T23:38:31","guid":{"rendered":"https:\/\/actualizateiguazu.com\/v3\/?p=47472"},"modified":"2024-09-10T20:38:31","modified_gmt":"2024-09-10T23:38:31","slug":"aniversario-de-puerto-iguazu-maria-ester-rolon-de-benitez-fue-coronada-como-la-reina-de-los-pioneros-2024","status":"publish","type":"post","link":"https:\/\/actualizateiguazu.com\/v3\/2024\/09\/10\/aniversario-de-puerto-iguazu-maria-ester-rolon-de-benitez-fue-coronada-como-la-reina-de-los-pioneros-2024\/","title":{"rendered":"Aniversario de Puerto Iguaz\u00fa: Mar\u00eda Ester Rol\u00f3n de Ben\u00edtez fue coronada como la reina de los pioneros 2024"},"content":{"rendered":"<p>En el marco del 123\u00ba aniversario de Puerto Iguaz\u00fa, se llev\u00f3 a cabo el tradicional almuerzo de los Pioneros, en el Centro de Eventos y Convenciones del Amerian Portal del Iguaz\u00fa. Pioneros y familiares de Pioneros disfrutaron de un momento donde la historia y las an\u00e9cdotas de tiempos pasados afloran y los sentimientos se vuelven m\u00e1s intensos. Este a\u00f1o el almuerzo fue precedido por el intendente Claudio Filippa.<\/p>\n<p>Como todos los a\u00f1os se coron\u00f3 a los soberanos de la fiesta de los pioneros, en esta oportunidad Mar\u00eda Ester Rol\u00f3n de Ben\u00edtez fue elegida como Reina de los pioneros 2024 y Lotario Rodas como Rey. La primera princesa es Ramona Galeno y Elogia Ojeda es segunda princesa. El t\u00edtulo de Miss Simpat\u00eda este a\u00f1o fue para \u00abDo\u00f1a Mimosa\u00bb Gim\u00e9nez y Dina Br\u00edtez de Zarza obtuvo el t\u00edtulo de Miss Elegancia.<\/p>\n<p><img loading=\"lazy\" decoding=\"async\" class=\"alignnone size-full wp-image-47474\" src=\"https:\/\/actualizateiguazu.com\/v3\/wp-content\/uploads\/2024\/09\/WhatsApp-Image-2024-09-10-at-5.16.05-PM-1-scaled.jpeg\" alt=\"\" width=\"2560\" height=\"1920\" srcset=\"https:\/\/actualizateiguazu.com\/v3\/wp-content\/uploads\/2024\/09\/WhatsApp-Image-2024-09-10-at-5.16.05-PM-1-scaled.jpeg 2560w, https:\/\/actualizateiguazu.com\/v3\/wp-content\/uploads\/2024\/09\/WhatsApp-Image-2024-09-10-at-5.16.05-PM-1-300x225.jpeg 300w, https:\/\/actualizateiguazu.com\/v3\/wp-content\/uploads\/2024\/09\/WhatsApp-Image-2024-09-10-at-5.16.05-PM-1-1024x768.jpeg 1024w, https:\/\/actualizateiguazu.com\/v3\/wp-content\/uploads\/2024\/09\/WhatsApp-Image-2024-09-10-at-5.16.05-PM-1-768x576.jpeg 768w, https:\/\/actualizateiguazu.com\/v3\/wp-content\/uploads\/2024\/09\/WhatsApp-Image-2024-09-10-at-5.16.05-PM-1-1536x1152.jpeg 1536w, https:\/\/actualizateiguazu.com\/v3\/wp-content\/uploads\/2024\/09\/WhatsApp-Image-2024-09-10-at-5.16.05-PM-1-2048x1536.jpeg 2048w, https:\/\/actualizateiguazu.com\/v3\/wp-content\/uploads\/2024\/09\/WhatsApp-Image-2024-09-10-at-5.16.05-PM-1-720x540.jpeg 720w\" sizes=\"auto, (max-width: 2560px) 100vw, 2560px\" \/><\/p>\n<p>Durante su discurso, el intendente destac\u00f3 el invaluable legado de los pioneros, honrando tambi\u00e9n a los profesionales de la salud como la Dra. Marta Schwarz, por su sacrificio y dedicaci\u00f3n al bienestar de la comunidad. Subray\u00f3 la importancia del trabajo de los pioneros y empresarios, quienes con sacrificio contribuyeron al crecimiento de la ciudad, asegurando que su labor ha sido fundamental para posicionar a Puerto Iguaz\u00fa como una comunidad pr\u00f3spera y en constante desarrollo.<\/p>\n<p>El homenaje a los que forjaron la identidad de Puerto Iguaz\u00fa es el cierre de las actividades de la semana aniversario de Puerto Iguaz\u00fa. Los pioneros, con su valent\u00eda y dedicaci\u00f3n, construyeron los cimientos de la ciudad, cuyo legado sigue presente en cada rinc\u00f3n y es ejemplo que inspira a las nuevas generaciones.<\/p>\n","protected":false},"excerpt":{"rendered":"<p>En el marco del 123\u00ba aniversario de Puerto Iguaz\u00fa, se llev\u00f3 a cabo el tradicional<\/p>\n","protected":false},"author":1,"featured_media":47473,"comment_status":"open","ping_status":"open","sticky":false,"template":"","format":"standard","meta":{"footnotes":""},"categories":[1,222,226],"tags":[],"class_list":["post-47472","post","type-post","status-publish","format-standard","has-post-thumbnail","hentry","category-actualidad","category-cultura","category-locales"],"_links":{"self":[{"href":"https:\/\/actualizateiguazu.com\/v3\/wp-json\/wp\/v2\/posts\/47472","targetHints":{"allow":["GET"]}}],"collection":[{"href":"https:\/\/actualizateiguazu.com\/v3\/wp-json\/wp\/v2\/posts"}],"about":[{"href":"https:\/\/actualizateiguazu.com\/v3\/wp-json\/wp\/v2\/types\/post"}],"author":[{"embeddable":true,"href":"https:\/\/actualizateiguazu.com\/v3\/wp-json\/wp\/v2\/users\/1"}],"replies":[{"embeddable":true,"href":"https:\/\/actualizateiguazu.com\/v3\/wp-json\/wp\/v2\/comments?post=47472"}],"version-history":[{"count":1,"href":"https:\/\/actualizateiguazu.com\/v3\/wp-json\/wp\/v2\/posts\/47472\/revisions"}],"predecessor-version":[{"id":47475,"href":"https:\/\/actualizateiguazu.com\/v3\/wp-json\/wp\/v2\/posts\/47472\/revisions\/47475"}],"wp:featuredmedia":[{"embeddable":true,"href":"https:\/\/actualizateiguazu.com\/v3\/wp-json\/wp\/v2\/media\/47473"}],"wp:attachment":[{"href":"https:\/\/actualizateiguazu.com\/v3\/wp-json\/wp\/v2\/media?parent=47472"}],"wp:term":[{"taxonomy":"category","embeddable":true,"href":"https:\/\/actualizateiguazu.com\/v3\/wp-json\/wp\/v2\/categories?post=47472"},{"taxonomy":"post_tag","embeddable":true,"href":"https:\/\/actualizateiguazu.com\/v3\/wp-json\/wp\/v2\/tags?post=47472"}],"curies":[{"name":"wp","href":"https:\/\/api.w.org\/{rel}","templated":true}]}}