{"id":47596,"date":"2024-09-19T11:52:04","date_gmt":"2024-09-19T14:52:04","guid":{"rendered":"https:\/\/actualizateiguazu.com\/v3\/?p=47596"},"modified":"2024-09-19T11:52:04","modified_gmt":"2024-09-19T14:52:04","slug":"operativo-de-busqueda-en-iguazu-buscan-a-una-madre-y-sus-dos-hijas","status":"publish","type":"post","link":"https:\/\/actualizateiguazu.com\/v3\/2024\/09\/19\/operativo-de-busqueda-en-iguazu-buscan-a-una-madre-y-sus-dos-hijas\/","title":{"rendered":"Operativo de b\u00fasqueda en Iguaz\u00fa: Buscan a una madre y sus dos hijas"},"content":{"rendered":"<p>Distintas divisiones de la unidad regional V de Puerto Iguaz\u00fa, se encuentran realizando un extenso operativo para ubicar a Carolina Adriana de Campo de 17 a\u00f1os y a sus dos hijas de 3 y de 1 a\u00f1o, cuyos familiares denunciaron sus desapariciones esta madrugada.<\/p>\n<p>La joven y las ni\u00f1as residen en el Paraje Sarand\u00ed II de Puerto Esperanza, y desde hoy a las 1:30 horas, son buscadas intensamente por la Polic\u00eda junto a familiares de la misma, por medio de rastrillajes a pie, a caballo y con veh\u00edculos. Los despliegues son realizados en todas las localidades cercanas a Wanda, Puerto Esperanza, y Puerto Libertad.<\/p>\n<p><img loading=\"lazy\" decoding=\"async\" class=\"alignnone size-full wp-image-47598\" src=\"https:\/\/actualizateiguazu.com\/v3\/wp-content\/uploads\/2024\/09\/IMG-20240919-WA0064.jpg\" alt=\"\" width=\"571\" height=\"303\" srcset=\"https:\/\/actualizateiguazu.com\/v3\/wp-content\/uploads\/2024\/09\/IMG-20240919-WA0064.jpg 571w, https:\/\/actualizateiguazu.com\/v3\/wp-content\/uploads\/2024\/09\/IMG-20240919-WA0064-300x159.jpg 300w\" sizes=\"auto, (max-width: 571px) 100vw, 571px\" \/><\/p>\n<p>La madre es de contextura f\u00edsica robusta, de 1.65 metros de estatura aproximadamente y tiene tez blanca con cabello casta\u00f1o, y las ni\u00f1as son tambi\u00e9n de tez blanca, ambas de contextura f\u00edsica robusta y de cabellos negros, una de pelo largo y otra de corto.<\/p>\n<p>Ante cualquier informaci\u00f3n sobre el paradero de Carolina y sus hijas, dir\u00edjase a la dependencia policial m\u00e1s cercana para alertar a los efectivos policiales.<\/p>\n","protected":false},"excerpt":{"rendered":"<p>Distintas divisiones de la unidad regional V de Puerto Iguaz\u00fa, se encuentran realizando un extenso<\/p>\n","protected":false},"author":1,"featured_media":47599,"comment_status":"open","ping_status":"open","sticky":false,"template":"","format":"standard","meta":{"footnotes":""},"categories":[1,226,228],"tags":[],"class_list":["post-47596","post","type-post","status-publish","format-standard","has-post-thumbnail","hentry","category-actualidad","category-locales","category-policiales"],"_links":{"self":[{"href":"https:\/\/actualizateiguazu.com\/v3\/wp-json\/wp\/v2\/posts\/47596","targetHints":{"allow":["GET"]}}],"collection":[{"href":"https:\/\/actualizateiguazu.com\/v3\/wp-json\/wp\/v2\/posts"}],"about":[{"href":"https:\/\/actualizateiguazu.com\/v3\/wp-json\/wp\/v2\/types\/post"}],"author":[{"embeddable":true,"href":"https:\/\/actualizateiguazu.com\/v3\/wp-json\/wp\/v2\/users\/1"}],"replies":[{"embeddable":true,"href":"https:\/\/actualizateiguazu.com\/v3\/wp-json\/wp\/v2\/comments?post=47596"}],"version-history":[{"count":1,"href":"https:\/\/actualizateiguazu.com\/v3\/wp-json\/wp\/v2\/posts\/47596\/revisions"}],"predecessor-version":[{"id":47600,"href":"https:\/\/actualizateiguazu.com\/v3\/wp-json\/wp\/v2\/posts\/47596\/revisions\/47600"}],"wp:featuredmedia":[{"embeddable":true,"href":"https:\/\/actualizateiguazu.com\/v3\/wp-json\/wp\/v2\/media\/47599"}],"wp:attachment":[{"href":"https:\/\/actualizateiguazu.com\/v3\/wp-json\/wp\/v2\/media?parent=47596"}],"wp:term":[{"taxonomy":"category","embeddable":true,"href":"https:\/\/actualizateiguazu.com\/v3\/wp-json\/wp\/v2\/categories?post=47596"},{"taxonomy":"post_tag","embeddable":true,"href":"https:\/\/actualizateiguazu.com\/v3\/wp-json\/wp\/v2\/tags?post=47596"}],"curies":[{"name":"wp","href":"https:\/\/api.w.org\/{rel}","templated":true}]}}